{"id":324,"date":"2022-02-01T13:09:07","date_gmt":"2022-02-01T13:09:07","guid":{"rendered":"https:\/\/gruene-emsland.de\/?p=324"},"modified":"2022-02-01T13:09:07","modified_gmt":"2022-02-01T13:09:07","slug":"kreistagsfraktion-informiert-sich-ueber-die-jakob-muth-schule","status":"publish","type":"post","link":"https:\/\/gruene-emsland.de\/?p=324","title":{"rendered":"Kreistagsfraktion informiert sich \u00fcber die Jakob-Muth-Schule"},"content":{"rendered":"\n<p class=\"has-medium-font-size\">Die Kreistagsfraktion von B\u00fcndnis 90 \/ Die Gr\u00fcnen hat sich am am 27. Januar 2022&nbsp;\u00fcber die Arbeit der Tagesbildungsst\u00e4tte \u201eJakob-Muth-Schule\u201c in Meppen informiert.<\/p>\n\n\n\n<p class=\"has-medium-font-size\">Neben einer ausf\u00fchrlichen Erl\u00e4uterung zum Aufgabengebiet und zur Arbeit der Tagesbildungsst\u00e4tte durch die Leiterin Martina Melle und dem\u00a0Gesch\u00e4ftsf\u00fchrer\u00a0der Vitus GmbH Michael Korden,\u00a0wurde bei dem gut zweist\u00fcndigen Treffen die Diskussion \u00fcber die Forderung nach einer F\u00f6rderschule \u201eGeistige Entwicklung\u201c f\u00fcr das Emsland fortgef\u00fchrt und er\u00f6rtert.\u00a0<br>In den vergangenen Legislaturperioden wurden bereits Antr\u00e4ge zur Einrichtung einer Schule mit dem F\u00f6rderschwerpunkt \u201eGeistige Entwicklung\u201c im Emsland eingereicht. Ein zuletzt im Herbst 2021 gestellter Antrag wurde im emsl\u00e4ndischen Kreistag abgelehnt.\u00a0<\/p>\n\n\n\n<p class=\"has-medium-font-size\">Die gr\u00fcne Kreistagsfraktion, vertreten durch Melanie Kuipers, G\u00fcnter Buss und Nicolas Breer kam mit der Leitung \u00fcberein, dass weitere Gespr\u00e4che mit anderen Fraktionen und Betroffenen gef\u00fchrt werden m\u00fcssen. Wie sich die Kreistagsfraktion jedoch zu diesem Thema zuk\u00fcnftig positioniert, konnte an diesem Abend abschlie\u00dfend nicht gekl\u00e4rt werden.<\/p>\n\n\n\n<p><\/p>\n\n\n\n<figure class=\"wp-block-image size-large\"><img loading=\"lazy\" decoding=\"async\" width=\"800\" height=\"600\" src=\"https:\/\/gruene-emsland.de\/wp-content\/uploads\/2022\/02\/besichtigung-der-jakob-muth-sc-800x600.png\" alt=\"\" class=\"wp-image-325\" srcset=\"https:\/\/gruene-emsland.de\/wp-content\/uploads\/2022\/02\/besichtigung-der-jakob-muth-sc-800x600.png 800w, https:\/\/gruene-emsland.de\/wp-content\/uploads\/2022\/02\/besichtigung-der-jakob-muth-sc-400x300.png 400w, https:\/\/gruene-emsland.de\/wp-content\/uploads\/2022\/02\/besichtigung-der-jakob-muth-sc-768x576.png 768w, https:\/\/gruene-emsland.de\/wp-content\/uploads\/2022\/02\/besichtigung-der-jakob-muth-sc-150x113.png 150w, https:\/\/gruene-emsland.de\/wp-content\/uploads\/2022\/02\/besichtigung-der-jakob-muth-sc.png 1024w\" sizes=\"auto, (max-width: 800px) 100vw, 800px\" \/><figcaption>(Unsere Kreistagsfraktion auf der rechten Seite vertreten von links: Melanie Kuipers, Nicolas Breer, G\u00fcnther Buss)<\/figcaption><\/figure>\n","protected":false},"excerpt":{"rendered":"<p>Die Kreistagsfraktion von B\u00fcndnis 90 \/ Die Gr\u00fcnen hat sich am am 27. Januar 2022&nbsp;\u00fcber die Arbeit der Tagesbildungsst\u00e4tte \u201eJakob-Muth-Schule\u201c in Meppen informiert. Neben einer ausf\u00fchrlichen Erl\u00e4uterung zum Aufgabengebiet und [&hellip;]<\/p>\n","protected":false},"author":-1,"featured_media":325,"comment_status":"open","ping_status":"open","sticky":false,"template":"","format":"standard","meta":{"footnotes":""},"categories":[1],"tags":[],"class_list":["post-324","post","type-post","status-publish","format-standard","has-post-thumbnail","hentry","category-uncategorized"],"_links":{"self":[{"href":"https:\/\/gruene-emsland.de\/index.php?rest_route=\/wp\/v2\/posts\/324","targetHints":{"allow":["GET"]}}],"collection":[{"href":"https:\/\/gruene-emsland.de\/index.php?rest_route=\/wp\/v2\/posts"}],"about":[{"href":"https:\/\/gruene-emsland.de\/index.php?rest_route=\/wp\/v2\/types\/post"}],"author":[{"embeddable":true,"href":"https:\/\/gruene-emsland.de\/index.php?rest_route=\/wp\/v2\/users\/1"}],"replies":[{"embeddable":true,"href":"https:\/\/gruene-emsland.de\/index.php?rest_route=%2Fwp%2Fv2%2Fcomments&post=324"}],"version-history":[{"count":1,"href":"https:\/\/gruene-emsland.de\/index.php?rest_route=\/wp\/v2\/posts\/324\/revisions"}],"predecessor-version":[{"id":326,"href":"https:\/\/gruene-emsland.de\/index.php?rest_route=\/wp\/v2\/posts\/324\/revisions\/326"}],"wp:featuredmedia":[{"embeddable":true,"href":"https:\/\/gruene-emsland.de\/index.php?rest_route=\/wp\/v2\/media\/325"}],"wp:attachment":[{"href":"https:\/\/gruene-emsland.de\/index.php?rest_route=%2Fwp%2Fv2%2Fmedia&parent=324"}],"wp:term":[{"taxonomy":"category","embeddable":true,"href":"https:\/\/gruene-emsland.de\/index.php?rest_route=%2Fwp%2Fv2%2Fcategories&post=324"},{"taxonomy":"post_tag","embeddable":true,"href":"https:\/\/gruene-emsland.de\/index.php?rest_route=%2Fwp%2Fv2%2Ftags&post=324"}],"curies":[{"name":"wp","href":"https:\/\/api.w.org\/{rel}","templated":true}]}}