{"id":301,"date":"2021-12-27T10:50:46","date_gmt":"2021-12-27T10:50:46","guid":{"rendered":"https:\/\/gruene-emsland.de\/?p=301"},"modified":"2021-12-27T10:51:44","modified_gmt":"2021-12-27T10:51:44","slug":"irrefuehrende-schlagzeile-zur-e233","status":"publish","type":"post","link":"https:\/\/gruene-emsland.de\/?p=301","title":{"rendered":"Irref\u00fchrende Schlagzeile zur E233"},"content":{"rendered":"\n<p>Pressemitteilung:<\/p>\n\n\n\n<p><em><strong>Irref\u00fchrende Schlagzeile zur E233<\/strong><\/em><\/p>\n\n\n\n<p><em>Der Titel &#8222;Ausbau der E233 nimmt weitere H\u00fcrde&#8220; in der MT vom 17.Dezember ist falsch und irref\u00fchrend. Mit dem Beschluss wurde nur der n\u00e4chste Schritt im Verfahren eingeleitet.<\/em><\/p>\n\n\n\n<p><em>Wie in der letzten Sitzung des Ausschusses f\u00fcr Kreisentwicklung deutlich wurde, scheitert die eigentlich geplante 2. \u00c4nderung des RROP bereits vor mehr als 2 Jahren, weil die <\/em><em>oberen Landesplanungsbeh\u00f6rde <\/em><em>im April 2019 <\/em><em>das Einvernehmen zu den Planungen versagte. <\/em><em>\u201eInsofern besteht nach wie vor f\u00fcr den Ausbau der E 233 die H\u00fcrde &#8222;Anpassung und Genehmigung des Regionalen Raumordnungsprogramms&#8220; und die muss erstmal \u00fcberwunden werden, zumal das \u00fcbergeordnete Landesraumordnungsprogramm aktuell ebenfalls neu aufgestellt wird. Ganz zu schweigen von den zu ber\u00fccksichtigenden Auswirkungen aus dem Koalitionsvertrag der Ampel und des Urteils vom Bundesverfassungsgericht zur CO2 \u2013 Reduktion\u201c, stellt Klemens Grolle (Ausschuss f\u00fcr Kreisentwicklung) fest.<\/em><\/p>\n\n\n\n<p><em>\u201eDie nun notwendige &#8211; um bei dem sportlichen Vergleich zu bleiben &#8211; &#8222;Zusatzrunde&#8220; dauert nach Aussage von Kreisbaurat Kopmeyer w\u00e4hrend der Ausschuss-Sitzung zwei bis drei Jahre. Dementsprechend verz\u00f6gert sich das Genehmigungsverfahren f\u00fcr den zweiten und dritten Planungsabschnitt der E233.\u201c erkl\u00e4rt Birgit Kemmer (Fraktionsvorsitzende)<\/em><\/p>\n\n\n\n<p><em>Das ist aus unserer Sicht eine gute Nachricht f\u00fcr das Klima, denn der vier streifige Ausbau der Stra\u00dfe w\u00fcrde durch die wegfallenden Auf- und Abfahrten und deshalb erforderlichen Umwege zu zus\u00e4tzlichen 100.000 Fahrzeug-km pro Tag f\u00fchren. Und es ist auch eine gute Nachricht f\u00fcr die betroffenen Anwohner, die so weniger Zeit und Fahrtkosten f\u00fcr die Umwege aufbringen m\u00fcssen<\/em><em>.<\/em><\/p>\n\n\n\n<p><em>Der Ausbau der E233 kann einfach nicht mehr sch\u00f6n gerechnet oder geredet werden, es ist eine Vernichtung von Fl\u00e4chen und Geldern in riesigem Ausma\u00df, erkl\u00e4rt Birgit Kemmer<\/em><\/p>\n","protected":false},"excerpt":{"rendered":"<p>Pressemitteilung: Irref\u00fchrende Schlagzeile zur E233 Der Titel &#8222;Ausbau der E233 nimmt weitere H\u00fcrde&#8220; in der MT vom 17.Dezember ist falsch und irref\u00fchrend. Mit dem Beschluss wurde nur der n\u00e4chste Schritt [&hellip;]<\/p>\n","protected":false},"author":-1,"featured_media":304,"comment_status":"open","ping_status":"open","sticky":false,"template":"","format":"standard","meta":{"footnotes":""},"categories":[4],"tags":[],"class_list":["post-301","post","type-post","status-publish","format-standard","has-post-thumbnail","hentry","category-emsland"],"_links":{"self":[{"href":"https:\/\/gruene-emsland.de\/index.php?rest_route=\/wp\/v2\/posts\/301","targetHints":{"allow":["GET"]}}],"collection":[{"href":"https:\/\/gruene-emsland.de\/index.php?rest_route=\/wp\/v2\/posts"}],"about":[{"href":"https:\/\/gruene-emsland.de\/index.php?rest_route=\/wp\/v2\/types\/post"}],"author":[{"embeddable":true,"href":"https:\/\/gruene-emsland.de\/index.php?rest_route=\/wp\/v2\/users\/1"}],"replies":[{"embeddable":true,"href":"https:\/\/gruene-emsland.de\/index.php?rest_route=%2Fwp%2Fv2%2Fcomments&post=301"}],"version-history":[{"count":1,"href":"https:\/\/gruene-emsland.de\/index.php?rest_route=\/wp\/v2\/posts\/301\/revisions"}],"predecessor-version":[{"id":303,"href":"https:\/\/gruene-emsland.de\/index.php?rest_route=\/wp\/v2\/posts\/301\/revisions\/303"}],"wp:featuredmedia":[{"embeddable":true,"href":"https:\/\/gruene-emsland.de\/index.php?rest_route=\/wp\/v2\/media\/304"}],"wp:attachment":[{"href":"https:\/\/gruene-emsland.de\/index.php?rest_route=%2Fwp%2Fv2%2Fmedia&parent=301"}],"wp:term":[{"taxonomy":"category","embeddable":true,"href":"https:\/\/gruene-emsland.de\/index.php?rest_route=%2Fwp%2Fv2%2Fcategories&post=301"},{"taxonomy":"post_tag","embeddable":true,"href":"https:\/\/gruene-emsland.de\/index.php?rest_route=%2Fwp%2Fv2%2Ftags&post=301"}],"curies":[{"name":"wp","href":"https:\/\/api.w.org\/{rel}","templated":true}]}}