{"id":276,"date":"2021-11-10T11:01:02","date_gmt":"2021-11-10T11:01:02","guid":{"rendered":"https:\/\/gruene-emsland.de\/?p=276"},"modified":"2021-11-10T11:02:37","modified_gmt":"2021-11-10T11:02:37","slug":"die-konstituierende-sitzung-des-kreistages-im-november-2021","status":"publish","type":"post","link":"https:\/\/gruene-emsland.de\/?p=276","title":{"rendered":"Die konstituierende Sitzung des Kreistages im November 2021"},"content":{"rendered":"\n<p>Wortbeitrag von Birgit Kemmer<br><br>Sehr geehrter Herr Landrat, sehr geehrte Kreistagsmitglieder.sehr geehrter Herr Kreistagsvorsitzender kann ich ja noch nicht sagen, denn m\u00fcssen wir ja noch w\u00e4hlen.<\/p>\n\n\n\n<p><br>Wir das hei\u00dft meine Fraktion sind doch irritiert, dass wir die Namen der zu W\u00e4hlenden Kandidaten f\u00fcr den Kreistagsvorsitz und f\u00fcr die stellv. Landr\u00e4te erst jetzt in der Sitzung erfahren. <\/p>\n\n\n\n<p>Nur die Ger\u00fcchtek\u00fcche hat uns schon den ein oder anderen Namen zugetragen, aber eine Meinungsbildung war so schwer m\u00f6glich!<\/p>\n\n\n\n<p>Von daher beantragen wir hiermit eine kurze Vorstellung der diversen Kandidatinnen und Kandidaten!!!Und ich habe ich noch eine Anmerkung: die ich mir nicht verkneifen kann!!!<\/p>\n\n\n\n<p>Uns ist schon bekannt, dass die CDU weiterhin die Mehrheit hier im Kreistag hat, auch wenn diese ganz ordentlich Federn gelassen hat und einige Mandate verloren hat, aber das wissen Sie ja auch selbst am besten.<\/p>\n\n\n\n<p>Aber dennoch Selbstbewusst wie eh und je beansprucht die CDU:\u201ewieder alle Posten\u201c in diesem ehrenwerten Gremium f\u00fcr sich allein,nach dem Motto:\u201eDas Emsland den Machern\u201c und das ist nur die CDU.<\/p>\n\n\n\n<p>Es ist nicht richtig und f\u00fchlt sich auch nicht solidarisch an.Die emsl\u00e4ndische Gesellschaft besteht nicht nur aus CDU-W\u00e4hlern und W\u00e4hlerinnen. Das spiegelt das Wahlergebnis ja auch deutlich !!! und wir Gr\u00fcnen haben am Rande bemerkt den meisten Stimmenzuwachs.<\/p>\n\n\n\n<p>Rings herum, um die \u201eOase Landkreis Emsland\u201c,teilen sich die Parlamente die Posten der Stellvertreter der Landr\u00e4te und Kreisvorsitzenden.<\/p>\n\n\n\n<p>Aber hier im Emsland ist die Welt noch in Ordnung und die CDU stellt klar: \u201eAlles Meins\u201cdas ist sehr schade und v\u00f6llig an den politischen Gegebenheiten vorbei gehandelt.Ich kann Ihnen versichern, dass Abendland geht nicht unter, wenn Abgeordnete aus den anderen Fraktionen den Landkreis bei offiziellen Angelegenheiten vertreten.<\/p>\n\n\n\n<p>Diesen Kreistag der durchaus schwierige Zeiten vor sich hat (Pandemie \u201eKlimaschutz, Energie- und Verkehrswende\u201c ) St\u00e4nde es Gut zu Gesicht, wenn auch die Repr\u00e4sentanten aus den verschiedenen Parteien k\u00e4men. Geben Sie sich einen Ruck:<\/p>\n\n\n\n<p>Und teilen Sie die Aufgaben!!!<\/p>\n\n\n\n<p>Obwohl am Donnerstag der MartinsTag stattfindet wird in der Emsland CDU wieder nicht geteilt.!!!!!!!!!!!!!!!<\/p>\n","protected":false},"excerpt":{"rendered":"<p>Wortbeitrag von Birgit Kemmer Sehr geehrter Herr Landrat, sehr geehrte Kreistagsmitglieder.sehr geehrter Herr Kreistagsvorsitzender kann ich ja noch nicht sagen, denn m\u00fcssen wir ja noch w\u00e4hlen. Wir das hei\u00dft meine [&hellip;]<\/p>\n","protected":false},"author":-1,"featured_media":279,"comment_status":"open","ping_status":"open","sticky":false,"template":"","format":"standard","meta":{"footnotes":""},"categories":[1],"tags":[],"class_list":["post-276","post","type-post","status-publish","format-standard","has-post-thumbnail","hentry","category-uncategorized"],"_links":{"self":[{"href":"https:\/\/gruene-emsland.de\/index.php?rest_route=\/wp\/v2\/posts\/276","targetHints":{"allow":["GET"]}}],"collection":[{"href":"https:\/\/gruene-emsland.de\/index.php?rest_route=\/wp\/v2\/posts"}],"about":[{"href":"https:\/\/gruene-emsland.de\/index.php?rest_route=\/wp\/v2\/types\/post"}],"author":[{"embeddable":true,"href":"https:\/\/gruene-emsland.de\/index.php?rest_route=\/wp\/v2\/users\/1"}],"replies":[{"embeddable":true,"href":"https:\/\/gruene-emsland.de\/index.php?rest_route=%2Fwp%2Fv2%2Fcomments&post=276"}],"version-history":[{"count":1,"href":"https:\/\/gruene-emsland.de\/index.php?rest_route=\/wp\/v2\/posts\/276\/revisions"}],"predecessor-version":[{"id":278,"href":"https:\/\/gruene-emsland.de\/index.php?rest_route=\/wp\/v2\/posts\/276\/revisions\/278"}],"wp:featuredmedia":[{"embeddable":true,"href":"https:\/\/gruene-emsland.de\/index.php?rest_route=\/wp\/v2\/media\/279"}],"wp:attachment":[{"href":"https:\/\/gruene-emsland.de\/index.php?rest_route=%2Fwp%2Fv2%2Fmedia&parent=276"}],"wp:term":[{"taxonomy":"category","embeddable":true,"href":"https:\/\/gruene-emsland.de\/index.php?rest_route=%2Fwp%2Fv2%2Fcategories&post=276"},{"taxonomy":"post_tag","embeddable":true,"href":"https:\/\/gruene-emsland.de\/index.php?rest_route=%2Fwp%2Fv2%2Ftags&post=276"}],"curies":[{"name":"wp","href":"https:\/\/api.w.org\/{rel}","templated":true}]}}