{"id":268,"date":"2021-09-13T11:17:40","date_gmt":"2021-09-13T11:17:40","guid":{"rendered":"https:\/\/gruene-emsland.de\/?p=268"},"modified":"2021-09-13T13:21:38","modified_gmt":"2021-09-13T13:21:38","slug":"es-geht-voran-klimaschutz-im-emsland-ist-der-gewinner","status":"publish","type":"post","link":"https:\/\/gruene-emsland.de\/?p=268","title":{"rendered":"Es geht voran &#8211; Klimaschutz im Emsland ist der Gewinner!"},"content":{"rendered":"\n<p>Mit einem Plus von fast 3% ziehen die Gr\u00fcnen wieder in den Kreistag ein.<br>Wir haben somit zwei Pl\u00e4tze hinzugewonnen und sind die drittst\u00e4rkste Fraktion im Landkreis Emsland.<br>Vorfahrt f\u00fcr den Klimaschutz. Wir bedanken uns bei unseren W\u00e4hlerInnen, die uns \u00fcber 40.000 Stimmen gegeben haben.<br><br>F\u00fcr Euch ziehen in den Kreistag:<br><br>G\u00fcnther Buss aus dem Wahlbezirk 1<br>Melanie Kuipers aus dem Wahlbezirk 5<br>Nicolas Breer aus dem Wahlbezirk 6<br>Klemens Grolle aus dem Wahlbezirk 7<br>Martina Pellny aus dem Wahlbezirk 9<br>Birgit Kemmer aus dem Wahlbezirk 10<br><br><\/p>\n\n\n\n<p><\/p>\n\n\n\n<p><\/p>\n\n\n\n<figure class=\"wp-block-image size-large\"><img loading=\"lazy\" decoding=\"async\" width=\"800\" height=\"467\" src=\"https:\/\/gruene-emsland.de\/wp-content\/uploads\/2021\/09\/klimaschutz-im-emsland-ist-der-800x467.png\" alt=\"\" class=\"wp-image-269\" srcset=\"https:\/\/gruene-emsland.de\/wp-content\/uploads\/2021\/09\/klimaschutz-im-emsland-ist-der-800x467.png 800w, https:\/\/gruene-emsland.de\/wp-content\/uploads\/2021\/09\/klimaschutz-im-emsland-ist-der-400x233.png 400w, https:\/\/gruene-emsland.de\/wp-content\/uploads\/2021\/09\/klimaschutz-im-emsland-ist-der-768x448.png 768w, https:\/\/gruene-emsland.de\/wp-content\/uploads\/2021\/09\/klimaschutz-im-emsland-ist-der-150x88.png 150w, https:\/\/gruene-emsland.de\/wp-content\/uploads\/2021\/09\/klimaschutz-im-emsland-ist-der.png 1200w\" sizes=\"auto, (max-width: 800px) 100vw, 800px\" \/><figcaption><a href=\"https:\/\/votemanager.kdo.de\/20210912\/03454000\/praesentation\/guv.html?wahl_id=219&amp;stimmentyp=0&amp;id=ebene_1_id_553\">https:\/\/votemanager.kdo.de\/20210912\/03454000\/praesentation\/guv.html?wahl_id=219&amp;stimmentyp=0&amp;id=ebene_1_id_553<\/a><\/figcaption><\/figure>\n\n\n\n<p><br><br><\/p>\n\n\n\n<figure class=\"wp-block-image size-full\"><img loading=\"lazy\" decoding=\"async\" width=\"712\" height=\"474\" src=\"https:\/\/gruene-emsland.de\/wp-content\/uploads\/2021\/09\/Download.png\" alt=\"\" class=\"wp-image-270\" srcset=\"https:\/\/gruene-emsland.de\/wp-content\/uploads\/2021\/09\/Download.png 712w, https:\/\/gruene-emsland.de\/wp-content\/uploads\/2021\/09\/Download-400x266.png 400w, https:\/\/gruene-emsland.de\/wp-content\/uploads\/2021\/09\/Download-150x100.png 150w\" sizes=\"auto, (max-width: 712px) 100vw, 712px\" \/><figcaption>https:\/\/votemanager.kdo.de\/20210912\/03454000\/praesentation\/ergebnis.html?wahl_id=219&amp;stimmentyp=0&amp;id=ebene_1_id_553<\/figcaption><\/figure>\n\n\n\n<p><\/p>\n","protected":false},"excerpt":{"rendered":"<p>Mit einem Plus von fast 3% ziehen die Gr\u00fcnen wieder in den Kreistag ein.Wir haben somit zwei Pl\u00e4tze hinzugewonnen und sind die drittst\u00e4rkste Fraktion im Landkreis Emsland.Vorfahrt f\u00fcr den Klimaschutz. [&hellip;]<\/p>\n","protected":false},"author":-1,"featured_media":269,"comment_status":"open","ping_status":"open","sticky":false,"template":"","format":"standard","meta":{"footnotes":""},"categories":[4],"tags":[],"class_list":["post-268","post","type-post","status-publish","format-standard","has-post-thumbnail","hentry","category-emsland"],"_links":{"self":[{"href":"https:\/\/gruene-emsland.de\/index.php?rest_route=\/wp\/v2\/posts\/268","targetHints":{"allow":["GET"]}}],"collection":[{"href":"https:\/\/gruene-emsland.de\/index.php?rest_route=\/wp\/v2\/posts"}],"about":[{"href":"https:\/\/gruene-emsland.de\/index.php?rest_route=\/wp\/v2\/types\/post"}],"author":[{"embeddable":true,"href":"https:\/\/gruene-emsland.de\/index.php?rest_route=\/wp\/v2\/users\/1"}],"replies":[{"embeddable":true,"href":"https:\/\/gruene-emsland.de\/index.php?rest_route=%2Fwp%2Fv2%2Fcomments&post=268"}],"version-history":[{"count":2,"href":"https:\/\/gruene-emsland.de\/index.php?rest_route=\/wp\/v2\/posts\/268\/revisions"}],"predecessor-version":[{"id":272,"href":"https:\/\/gruene-emsland.de\/index.php?rest_route=\/wp\/v2\/posts\/268\/revisions\/272"}],"wp:featuredmedia":[{"embeddable":true,"href":"https:\/\/gruene-emsland.de\/index.php?rest_route=\/wp\/v2\/media\/269"}],"wp:attachment":[{"href":"https:\/\/gruene-emsland.de\/index.php?rest_route=%2Fwp%2Fv2%2Fmedia&parent=268"}],"wp:term":[{"taxonomy":"category","embeddable":true,"href":"https:\/\/gruene-emsland.de\/index.php?rest_route=%2Fwp%2Fv2%2Fcategories&post=268"},{"taxonomy":"post_tag","embeddable":true,"href":"https:\/\/gruene-emsland.de\/index.php?rest_route=%2Fwp%2Fv2%2Ftags&post=268"}],"curies":[{"name":"wp","href":"https:\/\/api.w.org\/{rel}","templated":true}]}}