{"id":255,"date":"2021-09-09T08:50:50","date_gmt":"2021-09-09T08:50:50","guid":{"rendered":"https:\/\/gruene-emsland.de\/?p=255"},"modified":"2021-09-09T11:35:37","modified_gmt":"2021-09-09T11:35:37","slug":"gruene-emsland-sued-stellen-ihre-kreistagskandidatinnen-vor","status":"publish","type":"post","link":"https:\/\/gruene-emsland.de\/?p=255","title":{"rendered":"Gr\u00fcne Emsland S\u00fcd stellen ihre KreistagskandidatInnen vor."},"content":{"rendered":"\n<figure class=\"wp-block-image size-large\"><img loading=\"lazy\" decoding=\"async\" width=\"800\" height=\"670\" src=\"https:\/\/gruene-emsland.de\/wp-content\/uploads\/2021\/09\/birgit-sharepic-800x670.jpg\" alt=\"\" class=\"wp-image-256\" srcset=\"https:\/\/gruene-emsland.de\/wp-content\/uploads\/2021\/09\/birgit-sharepic-800x670.jpg 800w, https:\/\/gruene-emsland.de\/wp-content\/uploads\/2021\/09\/birgit-sharepic-400x335.jpg 400w, https:\/\/gruene-emsland.de\/wp-content\/uploads\/2021\/09\/birgit-sharepic-768x643.jpg 768w, https:\/\/gruene-emsland.de\/wp-content\/uploads\/2021\/09\/birgit-sharepic-150x126.jpg 150w, https:\/\/gruene-emsland.de\/wp-content\/uploads\/2021\/09\/birgit-sharepic.jpg 1013w\" sizes=\"auto, (max-width: 800px) 100vw, 800px\" \/><figcaption>Liebe Emsl\u00e4nder*Innen, ich bin Birgit Kemmer und kandidiere f\u00fcr den emsl\u00e4ndischen Kreistag.<br>Ich stehe f\u00fcr: Respekt und Achtung vor Menschen, Tieren und der Umwelt. Das ist meine Triebfeder. Ich bin seit 2011 im emsl\u00e4ndischen Kreistag und wenn Sie mich w\u00e4hlen, werde ich das Emsland weiterhin \u201ebegr\u00fcnen\u201c.<br>Wenn Gr\u00fcn dann richtig.<\/figcaption><\/figure>\n\n\n\n<figure class=\"wp-block-image size-full\"><img loading=\"lazy\" decoding=\"async\" width=\"491\" height=\"495\" src=\"https:\/\/gruene-emsland.de\/wp-content\/uploads\/2021\/09\/klemens-sharepic.jpg\" alt=\"\" class=\"wp-image-257\" srcset=\"https:\/\/gruene-emsland.de\/wp-content\/uploads\/2021\/09\/klemens-sharepic.jpg 491w, https:\/\/gruene-emsland.de\/wp-content\/uploads\/2021\/09\/klemens-sharepic-400x403.jpg 400w, https:\/\/gruene-emsland.de\/wp-content\/uploads\/2021\/09\/klemens-sharepic-150x150.jpg 150w\" sizes=\"auto, (max-width: 491px) 100vw, 491px\" \/><figcaption>Mein Name ist Klemens Grolle.&nbsp;<br>Ich trete an im Wahlbezirk 7, der die Gemeinden Emsb\u00fcren, Salzbergen und Spelle umfasst.<br>Ich bin Jahrgang 1956, verheiratet, Vater von 2 erwachsenen Kindern und wohne in Spelle. Bin von Haus aus Diplom \u2013 Maschinenbauingenieur und war in den letzten 25 Jahre in der EDV \u2013 Beratung t\u00e4tig.<br>Bin seit dem 23.10.95 Mitglied der Gr\u00fcnen, davon rd. 10 Jahre (bis 2006) im Vorstand des Kreisverbandes EL-S\u00fcd. Seit 2006 habe ich mich aus Zeitgr\u00fcnden allerdings auf die konkrete politische Arbeit vor Ort in Spelle konzentriert.&nbsp;<br>Wir machen vor Ort in Spelle erfolgreich gr\u00fcne Politik; allerdings \u201eunter dem Label\u201c Unabh\u00e4ngiges B\u00fcrgerforum Spelle, welches 2006 aus einer B\u00fcrgerinitiative hervorging. Inzwischen sind wir im schwarzen Spelle mit 5 Sitzen im Gemeinderat und 4 Sitzen im Samtgemeinderat vertreten und ich hoffe, dass wir bei der kommenden Wahl die Anzahl halten oder besser noch: Steigern k\u00f6nnen!<br>Wir konnten erreichen, dass es inzwischen ein Radwegekonzept gibt. Die erste Ausbaustufe wird gerade realisiert. Weitere Ausbauschritte werden folgen.&nbsp;<br>Auch wurden auf unsere Initiative hin der Neubau der Kita in Spelle und der Neubau der Turnhalle in L\u00fcnne mit Geothermie und Photovoltaik ausgestattet. Das wird auch bei der n\u00e4chsten Kita in Spelle, die gerade realisiert wird, so sein.<br>Aktuell wird \u00fcber das von uns beantragte Wohnraumversorgungskonzept diskutiert. Damit wollen wir erreichen, dass bezahlbarer Wohnraum entsteht, dabei der Fl\u00e4chenverbrauch reduziert wird, die Energieversorgung deutlich weniger CO2 verursacht, die G\u00e4rten des Grauens verhindert werden und m\u00f6glichst viel Gr\u00fcn gepflanzt wird.&nbsp;<br>Ich m\u00f6chte solche und weitere gr\u00fcne Ans\u00e4tze in die Politik auf Kreisebene einbringen. Zeit daf\u00fcr habe ich jetzt. Die Kinder sind aus dem Haus und mein aktives Arbeitsleben endet in K\u00fcrze.<br>Ziel ist es, dass es den Gr\u00fcnen mit Sonja v. D\u00fclmen (L\u00fcnne), Klaus T\u00f6bben (Emsb\u00fcren) und mir &nbsp;&#8211; und mit ein bisschen R\u00fcckenwind aus Berlin &#8211; gelingt, im Wahlbereich 7 ein Mandat f\u00fcr den Kreistag zu erringen, um dort starke gr\u00fcne und nachhaltige Akzente zu setzen.<\/figcaption><\/figure>\n\n\n\n<figure class=\"wp-block-image size-large\"><img loading=\"lazy\" decoding=\"async\" width=\"800\" height=\"800\" src=\"https:\/\/gruene-emsland.de\/wp-content\/uploads\/2021\/09\/martina-sharepic2-800x800.jpeg\" alt=\"\" class=\"wp-image-258\" srcset=\"https:\/\/gruene-emsland.de\/wp-content\/uploads\/2021\/09\/martina-sharepic2-800x800.jpeg 800w, https:\/\/gruene-emsland.de\/wp-content\/uploads\/2021\/09\/martina-sharepic2-400x400.jpeg 400w, https:\/\/gruene-emsland.de\/wp-content\/uploads\/2021\/09\/martina-sharepic2-150x150.jpeg 150w, https:\/\/gruene-emsland.de\/wp-content\/uploads\/2021\/09\/martina-sharepic2-768x768.jpeg 768w, https:\/\/gruene-emsland.de\/wp-content\/uploads\/2021\/09\/martina-sharepic2.jpeg 960w\" sizes=\"auto, (max-width: 800px) 100vw, 800px\" \/><figcaption>Hallo, mein Name ist Martina Pellny und ich kandidiere f\u00fcr den Stadtrat Lingen und den Kreistag Emsland.&nbsp;<br>Ich bin 52 Jahre alt, Diplom-Volkswirtin und zur Zeit pflegende Angeh\u00f6rige. Ich bin in Lingen aufgewachsen und zur Schule gegangen und habe dann 30 Jahre \u00fcberwiegend in der Entwicklungshilfe gearbeitet und im Ausland gelebt. 2019 bin ich nach Lingen zur\u00fcckgekehrt und engagiere mich seitdem bei den Gr\u00fcnen.<br>In meiner Zeit in Afrika, S\u00fcdostasien, der Karibik und im Pazifik habe ich hautnah miterlebt, was der Klimawandel bedeutet: unser Eingriff in die Natur f\u00fchrt dazu, dass Hurrikane, Starkregen, Erdrutsche unser aller Leben bedroht. Das hat mich zutiefst gepr\u00e4gt. Klimawandel ist nicht abstrakt, auch wir in Lingen und im Emsland sind damit konfrontiert, wenn die B\u00f6den immer d\u00fcrrer werden, uns die W\u00e4lder vertrocknen oder Starkregenereignisse stattfinden. Auch die Pandemie zeigt uns, dass wir mit Eingriffen in die Natur und in die Artenvielfalt behutsam umgehen m\u00fcssen. Ein weiter so geht nicht mehr &#8211; wir brauchen neue innovative Ideen um den Wandel in vielen Bereichen nachhaltig zu gestalten. Ich freue mich auf diese Herausforderung und interessiere mich besonders f\u00fcr Klimaanpassung und -schutz, erneuerbare Energien, f\u00fcr Gesundheit und Pflege, f\u00fcr Flugl\u00e4rmschutz, f\u00fcr die Atomendlagersuche, f\u00fcr eine effiziente, digitale Verwaltung und den Haushalt der Kommunen. Danke f\u00fcr Eure Unterst\u00fctzung und Eure Stimme!&nbsp;<\/figcaption><\/figure>\n","protected":false},"excerpt":{"rendered":"","protected":false},"author":-1,"featured_media":261,"comment_status":"closed","ping_status":"open","sticky":false,"template":"","format":"standard","meta":{"footnotes":""},"categories":[4],"tags":[],"class_list":["post-255","post","type-post","status-publish","format-standard","has-post-thumbnail","hentry","category-emsland"],"_links":{"self":[{"href":"https:\/\/gruene-emsland.de\/index.php?rest_route=\/wp\/v2\/posts\/255","targetHints":{"allow":["GET"]}}],"collection":[{"href":"https:\/\/gruene-emsland.de\/index.php?rest_route=\/wp\/v2\/posts"}],"about":[{"href":"https:\/\/gruene-emsland.de\/index.php?rest_route=\/wp\/v2\/types\/post"}],"author":[{"embeddable":true,"href":"https:\/\/gruene-emsland.de\/index.php?rest_route=\/wp\/v2\/users\/1"}],"replies":[{"embeddable":true,"href":"https:\/\/gruene-emsland.de\/index.php?rest_route=%2Fwp%2Fv2%2Fcomments&post=255"}],"version-history":[{"count":5,"href":"https:\/\/gruene-emsland.de\/index.php?rest_route=\/wp\/v2\/posts\/255\/revisions"}],"predecessor-version":[{"id":265,"href":"https:\/\/gruene-emsland.de\/index.php?rest_route=\/wp\/v2\/posts\/255\/revisions\/265"}],"wp:featuredmedia":[{"embeddable":true,"href":"https:\/\/gruene-emsland.de\/index.php?rest_route=\/wp\/v2\/media\/261"}],"wp:attachment":[{"href":"https:\/\/gruene-emsland.de\/index.php?rest_route=%2Fwp%2Fv2%2Fmedia&parent=255"}],"wp:term":[{"taxonomy":"category","embeddable":true,"href":"https:\/\/gruene-emsland.de\/index.php?rest_route=%2Fwp%2Fv2%2Fcategories&post=255"},{"taxonomy":"post_tag","embeddable":true,"href":"https:\/\/gruene-emsland.de\/index.php?rest_route=%2Fwp%2Fv2%2Ftags&post=255"}],"curies":[{"name":"wp","href":"https:\/\/api.w.org\/{rel}","templated":true}]}}