{"id":234,"date":"2021-04-07T14:49:49","date_gmt":"2021-04-07T14:49:49","guid":{"rendered":"https:\/\/gruene-emsland.de\/?p=234"},"modified":"2021-04-07T14:49:49","modified_gmt":"2021-04-07T14:49:49","slug":"die-energiewende-braucht-neuen-schwung","status":"publish","type":"post","link":"https:\/\/gruene-emsland.de\/?p=234","title":{"rendered":"Die Energiewende braucht neuen Schwung."},"content":{"rendered":"\n<p>Die Energiewende braucht neuen Schwung. Bundesweit aber auch regional in Lingen und im Emsland. Auf dem Weg zu einer klimaneutralen Energieversorgung wird Wasserstoff eine wichtige Rolle spielen und Lingen positioniert sich derzeit als Standort f\u00fcr gr\u00fcnen Wasserstoff.\u00a0<\/p>\n\n\n\n<p>B\u00dcNDNIS 90\/DIE GR\u00dcNEN laden im Emsland und der Grafschaft am 14. April 2021 ab 20 Uhr zu einer \u00f6ffentlichen Online-Veranstaltung zum Thema Wasserstoffwirtschaft ein, um alle Fragen rund um das Thema zu diskutieren.<\/p>\n\n\n\n<p>In der Videokonferenz werden Everhard H\u00fcseman, gr\u00fcner Bundestagskandidat im Wahlkreis Mittelems, zusammen mit der energiepolitischen Sprecherin der Gr\u00fcnen im Deutschen Bundestag, Dr. Julia Verlinden, und Dr. Tim Husmann, Leiter der Gesch\u00e4ftsstelle H2-Region Emsland, in den Austausch mit interessierten B\u00fcrgerinnen und B\u00fcrgern treten.<\/p>\n\n\n\n<p>\u201eIch freue mich sehr, dass wir mit Dr. Tim Husmann einen ausgewiesenen Experten auf diesem Feld f\u00fcr unsere Videokonferenz gewinnen konnten und dass Dr. Julia Verlinden uns die politischen Herausforderungen f\u00fcr gr\u00fcnen Wasserstoff aus erneuerbaren Energien darlegen kann\u201c, sagt Bundestagskandidat H\u00fcseman. &nbsp;&nbsp;<\/p>\n\n\n\n<p>Die Ver\u00e4nderungen im Rahmen der Energiewende bieten eine Vielzahl neuer \u00f6konomischer Chancen f\u00fcr die gesamte Energieregion Emsland S\u00fcd \u2013 und dies besonders mit der Initiative H2-Region Emsland, die Forschung und Anwendung im Bereich Wasserstoff vorantreibt. H\u00fcseman betont: \u201eDer klimagerechte Umbau der Energieversorgung bietet viele Chancen: Wir bek\u00e4mpfen die Klimakrise, schaffen neue Arbeitspl\u00e4tze f\u00fcr unsere Region, f\u00f6rdern Innovation und machen uns unabh\u00e4ngig von fossilen Rohstoffen. Daf\u00fcr ben\u00f6tigen wir aber vor allem gute Rahmenbedingungen vom Bund und auf europ\u00e4ischer Ebene.\u201c&nbsp;<\/p>\n\n\n\n<p>Welche das genau sind und was f\u00fcr die Schaffung notwendig ist, wollen wir in der Videokonferenz am 14. April um 20 Uhr diskutieren. Interessierte B\u00fcrgerinnen und B\u00fcrger sind deshalb herzlich eingeladen, an der Videokonferenz teilzunehmen und k\u00f6nnen sich anmelden unter: <a href=\"#\" data-unscramble=\"ed.sle-eneurg@ofni\" class=\"\">info@gruene-els.de<\/a>. Sie erhalten dann einen Link zur Zoom Konferenz.<\/p>\n","protected":false},"excerpt":{"rendered":"<p>Die Energiewende braucht neuen Schwung. Bundesweit aber auch regional in Lingen und im Emsland. Auf dem Weg zu einer klimaneutralen Energieversorgung wird Wasserstoff eine wichtige Rolle spielen und Lingen positioniert [&hellip;]<\/p>\n","protected":false},"author":-1,"featured_media":0,"comment_status":"open","ping_status":"open","sticky":false,"template":"","format":"standard","meta":{"footnotes":""},"categories":[4],"tags":[],"class_list":["post-234","post","type-post","status-publish","format-standard","hentry","category-emsland"],"_links":{"self":[{"href":"https:\/\/gruene-emsland.de\/index.php?rest_route=\/wp\/v2\/posts\/234","targetHints":{"allow":["GET"]}}],"collection":[{"href":"https:\/\/gruene-emsland.de\/index.php?rest_route=\/wp\/v2\/posts"}],"about":[{"href":"https:\/\/gruene-emsland.de\/index.php?rest_route=\/wp\/v2\/types\/post"}],"author":[{"embeddable":true,"href":"https:\/\/gruene-emsland.de\/index.php?rest_route=\/wp\/v2\/users\/1"}],"replies":[{"embeddable":true,"href":"https:\/\/gruene-emsland.de\/index.php?rest_route=%2Fwp%2Fv2%2Fcomments&post=234"}],"version-history":[{"count":1,"href":"https:\/\/gruene-emsland.de\/index.php?rest_route=\/wp\/v2\/posts\/234\/revisions"}],"predecessor-version":[{"id":236,"href":"https:\/\/gruene-emsland.de\/index.php?rest_route=\/wp\/v2\/posts\/234\/revisions\/236"}],"wp:attachment":[{"href":"https:\/\/gruene-emsland.de\/index.php?rest_route=%2Fwp%2Fv2%2Fmedia&parent=234"}],"wp:term":[{"taxonomy":"category","embeddable":true,"href":"https:\/\/gruene-emsland.de\/index.php?rest_route=%2Fwp%2Fv2%2Fcategories&post=234"},{"taxonomy":"post_tag","embeddable":true,"href":"https:\/\/gruene-emsland.de\/index.php?rest_route=%2Fwp%2Fv2%2Ftags&post=234"}],"curies":[{"name":"wp","href":"https:\/\/api.w.org\/{rel}","templated":true}]}}