{"id":206,"date":"2021-01-22T13:18:47","date_gmt":"2021-01-22T13:18:47","guid":{"rendered":"https:\/\/gruene-emsland.de\/?p=206"},"modified":"2021-01-22T13:23:58","modified_gmt":"2021-01-22T13:23:58","slug":"kreistagssitzung-vom-18-1-2021-beitrag-von-carsten-keetz","status":"publish","type":"post","link":"https:\/\/gruene-emsland.de\/?p=206","title":{"rendered":"Kreistagssitzung vom 18.1.2021 &#8211; Beitrag von Carsten Keetz."},"content":{"rendered":"\n<p>Sehr geehrte Vorsitzende Frau Haas, sehr geehrter Herr Landrat Burgdorf, verehrte Abgeordnete, verehrte Anwesende!<\/p>\n\n\n\n<p>Der Landkreis Emsland muss beim Thema Klimaschutz dringend seine Hausaufgaben machen. Denn hier im Landkreis Emsland sind in den letzten Jahren leider eine Vielzahl von Ma\u00dfnahmen auf den Weg gebracht worden, die die Nachhaltigkeit des Wirtschaftens und Lebens im Sinne einer vorausschauenden Energie-und Klimaschutzpolitik nicht verbessern und zukunftsf\u00e4hig ausrichten.<\/p>\n\n\n\n<p>Beispielhaft sei hier der<strong> <\/strong>4spurige Ausbau der E233genannt.<\/p>\n\n\n\n<p>Nachhaltige Regionalplanung muss jedoch die Klimafolgen-Anpassung im Ganzen betrachten.<\/p>\n\n\n\n<p>Was die Verwaltung k\u00fcrzlich im Umweltausschuss vorgestellt hat, ist Sch\u00f6nrechnerei von Ausgaben f\u00fcr den Klimaschutz So wurden bei der Betrachtung der CO2-Emmissionen durch das beauftragte Leipziger B\u00fcro die emsl\u00e4ndischen Industriebetriebe sowie die BurgdorfEmsland angemeldet sind, einfach nicht in die Berechnungen einbezogen.<\/p>\n\n\n\n<p>Trotzdem sinkt die sch\u00f6ngerechnete CO2 Kurve im Verlauf der vergangenen Jahre kaum. \u00dcber diesen verantwortungslosen, klimapolitischen R\u00fcckschritt schweigt man sich aber aus.<\/p>\n\n\n\n<p>So gehen die Emissions-Reduktionsziele vollkommen an dem vorbei, was die Wissenschaft f\u00fcr notwendig h\u00e4lt, um die globale Erderw\u00e4rmung auf 1,5 Grad zu begrenzen. Klimaneutralit\u00e4t bis 2035 w\u00e4re gefordert, stattdessen sieht man beispielsweise in Niedersachsen nur eine Emissionsreduktion um 80-95% bis ins Jahr 2050 vor.<\/p>\n\n\n\n<p>Die Bereiche Landwirtschaft, Moorschutz im moorreichen Landkreis, oder auch der Industrie- und&nbsp;Geb\u00e4udesektor werden vernachl\u00e4ssigt, was zeigt, dass man den Fehler begeht zu denken, dass radikale Ma\u00dfnahmen jetzt schmerzhafter seien, als das, was uns durch die Klimakrise droht.<\/p>\n\n\n\n<p>Im Ma\u00dfnahmenprogramm werden lediglich halbherzige Programme hier und Umweltma\u00dfnahmen da vorgesehen, statt dringend konsequente Beschl\u00fcsse auf den Weg zu bringen.<\/p>\n\n\n\n<p>Als da sind als ersten wichtigen Schritt: Verpflichtende Bauleitvorgaben wie beispielsweise fl\u00e4chendeckende Photovoltaik und E-Ladetechnik f\u00fcr Bauherren aller Art.<\/p>\n\n\n\n<p>Wir als Kreistagsfraktion fordern den Landrat dazu auf, ein Klimaprogramm und dazugeh\u00f6rige Ma\u00dfnahmen auf den Weg zu bringen, die sich am wissenschaftlich Notwendigen orientiert.<\/p>\n","protected":false},"excerpt":{"rendered":"<p>Sehr geehrte Vorsitzende Frau Haas, sehr geehrter Herr Landrat Burgdorf, verehrte Abgeordnete, verehrte Anwesende! Der Landkreis Emsland muss beim Thema Klimaschutz dringend seine Hausaufgaben machen. Denn hier im Landkreis Emsland [&hellip;]<\/p>\n","protected":false},"author":-1,"featured_media":207,"comment_status":"open","ping_status":"open","sticky":false,"template":"","format":"standard","meta":{"footnotes":""},"categories":[41,1],"tags":[],"class_list":["post-206","post","type-post","status-publish","format-standard","has-post-thumbnail","hentry","category-kreistagsfraktion","category-uncategorized"],"_links":{"self":[{"href":"https:\/\/gruene-emsland.de\/index.php?rest_route=\/wp\/v2\/posts\/206","targetHints":{"allow":["GET"]}}],"collection":[{"href":"https:\/\/gruene-emsland.de\/index.php?rest_route=\/wp\/v2\/posts"}],"about":[{"href":"https:\/\/gruene-emsland.de\/index.php?rest_route=\/wp\/v2\/types\/post"}],"author":[{"embeddable":true,"href":"https:\/\/gruene-emsland.de\/index.php?rest_route=\/wp\/v2\/users\/1"}],"replies":[{"embeddable":true,"href":"https:\/\/gruene-emsland.de\/index.php?rest_route=%2Fwp%2Fv2%2Fcomments&post=206"}],"version-history":[{"count":1,"href":"https:\/\/gruene-emsland.de\/index.php?rest_route=\/wp\/v2\/posts\/206\/revisions"}],"predecessor-version":[{"id":208,"href":"https:\/\/gruene-emsland.de\/index.php?rest_route=\/wp\/v2\/posts\/206\/revisions\/208"}],"wp:featuredmedia":[{"embeddable":true,"href":"https:\/\/gruene-emsland.de\/index.php?rest_route=\/wp\/v2\/media\/207"}],"wp:attachment":[{"href":"https:\/\/gruene-emsland.de\/index.php?rest_route=%2Fwp%2Fv2%2Fmedia&parent=206"}],"wp:term":[{"taxonomy":"category","embeddable":true,"href":"https:\/\/gruene-emsland.de\/index.php?rest_route=%2Fwp%2Fv2%2Fcategories&post=206"},{"taxonomy":"post_tag","embeddable":true,"href":"https:\/\/gruene-emsland.de\/index.php?rest_route=%2Fwp%2Fv2%2Ftags&post=206"}],"curies":[{"name":"wp","href":"https:\/\/api.w.org\/{rel}","templated":true}]}}