{"id":202,"date":"2020-12-15T20:30:05","date_gmt":"2020-12-15T20:30:05","guid":{"rendered":"https:\/\/gruene-emsland.de\/?p=202"},"modified":"2020-12-15T20:30:05","modified_gmt":"2020-12-15T20:30:05","slug":"veranstaltung-der-gruenen-zur-endlagersuche-im-emsland","status":"publish","type":"post","link":"https:\/\/gruene-emsland.de\/?p=202","title":{"rendered":"Veranstaltung der GR\u00dcNEN zur Endlagersuche im Emsland"},"content":{"rendered":"\n<h4 class=\"wp-block-heading\"><strong>GR\u00dcNE: Sorgen ernst nehmen und Diskussionsr\u00e4ume schaffen<\/strong><\/h4>\n\n\n\n<p>Mit einer \u00f6ffentlichen Videokonferenz informierte der Kreisverband Emsland von B\u00fcndnis90\/DIE GR\u00dcNEN \u00fcber den aktuellen Stand der Endlagersuche f\u00fcr Atomm\u00fcll und die m\u00f6glichen Folgen f\u00fcr das Emsland. Gastreferentin war Miriam Staudte als atompolitische Sprecherin der Gr\u00fcnen im Nieders\u00e4chsischen Landtag.<\/p>\n\n\n\n<p>Neben einem kurzen historischen R\u00fcckblick bezog sich die Referentin in ihrem Vortrag vor allem auf die aktuellen Suchgebiete im Emsland und auf die Kriterien, nach denen der Suchprozess jetzt \u00fcber das Standortauswahlgesetz umgesetzt werden soll.<\/p>\n\n\n\n<p>Miriam Staudte:\u201eDie Bundesgesellschaft f\u00fcr Endlagerung hat entsprechend des Standortauswahlgesetzes einen neuen Weg ohne Gorleben eingeschlagen. Sie setzen damit das Signal an andere Regionen, dass k\u00fcnftig nach geowissenschaftlichen Kriterien entschieden wird und nicht willk\u00fcrlich nach politischen Vorgaben. Jetzt muss klar sein: Es darf auch kein anderer ungeeigneter Standort Endlager f\u00fcr hoch radioaktiven Atomm\u00fcll werden.\u201c<\/p>\n\n\n\n<p>Die bestm\u00f6gliche Sicherheit f\u00fcr die Lagerung der 1900 Castor-Beh\u00e4lter aus Deutschland sei eine nationale Aufgabe, die&nbsp; wegen der jahrzehntelangen Pro-Atom Politik von CDU, CSU, SPD und FDP nun leider gemeinsam geschultert werden m\u00fcsse.&nbsp; Es sei daher nicht verantwortbar, dass gerade Politiker dieser Parteien auch im Emsland schon jetzt eine regionale Blockadehaltung einnehmen w\u00fcrden.<\/p>\n\n\n\n<p>\u201eWir m\u00fcssen zun\u00e4chst die Sorgen der B\u00fcrgerinnen in den ausgew\u00e4hlten Suchregionen sehr ernst nehmen und Diskussionsr\u00e4ume schaffen, so wie wir es heute mit unserer offenen Videokonferenz angefangen haben.\u201c machte Martina Pellny als Moderatorin der Veranstaltung deutlich.<\/p>\n\n\n\n<p>Werner Henseleit vom Vorstand des Kreisverbandes erwartet vom Landkreis Emsland die Gew\u00e4hrleistung von Transparenz und echter Partizipation. Dazu geh\u00f6re vor allem die Einforderung zur Ver\u00f6ffentlichung aller Geodaten.<\/p>\n\n\n\n<p>&nbsp;\u201eAls GR\u00dcNE werden wir den Prozess kritisch-konstruktiv begleiten und eine W\u00e4chterfunktion \u00fcber das Verfahren einnehmen, ohne uns der Verantwortlichkeit zu entziehen. Der Landkreis ist gefordert, alle Argumente zu b\u00fcndeln, die die Standorte in der Region als ungeeignet ausweisen k\u00f6nnten.\u201c<\/p>\n","protected":false},"excerpt":{"rendered":"<p>GR\u00dcNE: Sorgen ernst nehmen und Diskussionsr\u00e4ume schaffen Mit einer \u00f6ffentlichen Videokonferenz informierte der Kreisverband Emsland von B\u00fcndnis90\/DIE GR\u00dcNEN \u00fcber den aktuellen Stand der Endlagersuche f\u00fcr Atomm\u00fcll und die m\u00f6glichen Folgen [&hellip;]<\/p>\n","protected":false},"author":-1,"featured_media":0,"comment_status":"closed","ping_status":"closed","sticky":false,"template":"","format":"standard","meta":{"footnotes":""},"categories":[4,22],"tags":[43],"class_list":["post-202","post","type-post","status-publish","format-standard","hentry","category-emsland","category-pressemitteilung","tag-endlager"],"_links":{"self":[{"href":"https:\/\/gruene-emsland.de\/index.php?rest_route=\/wp\/v2\/posts\/202","targetHints":{"allow":["GET"]}}],"collection":[{"href":"https:\/\/gruene-emsland.de\/index.php?rest_route=\/wp\/v2\/posts"}],"about":[{"href":"https:\/\/gruene-emsland.de\/index.php?rest_route=\/wp\/v2\/types\/post"}],"author":[{"embeddable":true,"href":"https:\/\/gruene-emsland.de\/index.php?rest_route=\/wp\/v2\/users\/1"}],"replies":[{"embeddable":true,"href":"https:\/\/gruene-emsland.de\/index.php?rest_route=%2Fwp%2Fv2%2Fcomments&post=202"}],"version-history":[{"count":1,"href":"https:\/\/gruene-emsland.de\/index.php?rest_route=\/wp\/v2\/posts\/202\/revisions"}],"predecessor-version":[{"id":204,"href":"https:\/\/gruene-emsland.de\/index.php?rest_route=\/wp\/v2\/posts\/202\/revisions\/204"}],"wp:attachment":[{"href":"https:\/\/gruene-emsland.de\/index.php?rest_route=%2Fwp%2Fv2%2Fmedia&parent=202"}],"wp:term":[{"taxonomy":"category","embeddable":true,"href":"https:\/\/gruene-emsland.de\/index.php?rest_route=%2Fwp%2Fv2%2Fcategories&post=202"},{"taxonomy":"post_tag","embeddable":true,"href":"https:\/\/gruene-emsland.de\/index.php?rest_route=%2Fwp%2Fv2%2Ftags&post=202"}],"curies":[{"name":"wp","href":"https:\/\/api.w.org\/{rel}","templated":true}]}}