{"id":20,"date":"2019-10-26T08:14:25","date_gmt":"2019-10-26T08:14:25","guid":{"rendered":"http:\/\/gruene-emsland.de\/?p=20"},"modified":"2019-10-26T08:14:25","modified_gmt":"2019-10-26T08:14:25","slug":"gruene-unterstuetzen-demonstration-der-atomkraftgegnerinnen-im-emsland","status":"publish","type":"post","link":"https:\/\/gruene-emsland.de\/?p=20","title":{"rendered":"Gr\u00fcne unterst\u00fctzen Demonstration der AtomkraftgegnerInnen im Emsland"},"content":{"rendered":"\n<p>\u201eDer Ausstieg aus der Stromerzeugung mit Atom- und Kohlekraftwerken ist eine Forderung der Initiatoren der Demonstration am kommenden Samstag in Lingen, die wir voll unterst\u00fctzen,\u201c sagt Peter Blauert, Sprecher des Ortsverbandes Emsland-S\u00fcd von B\u00fcndnis 90 \/ Die Gr\u00fcnen. Auch der Kreisvorstand der Gr\u00fcnen im Emsland unterst\u00fctzt den Aufruf, hinter dem inzwischen mehr als 20 Initiativen aus Nordwestdeutschland stehen.<\/p>\n\n\n\n<p>Die aktuelle Diskussion \u00fcber den Klimawandel zeigt die Notwendigkeit, erneuerbare statt fossile Energiequellen zu nutzen. Atomstrom hat insgesamt zwar eine nicht so schlechte \u00d6kobilanz wie Strom aus Kohle, die Erzeugung ist aber hochgef\u00e4hrlich. So sei es konsequent, nicht nur die Kernkraftwerke abzuschalten, sondern die gesamte Kette der Atomstromerzeugung einschlie\u00dflich der Brennelementefabrik in Lingen stillzulegen. \u201eDies ist insbesondere n\u00f6tig, weil von Lingen aus auch Kernkraftwerke in Belgien beliefert werden, die als h\u00f6chst unsicher gelten,\u201c meint Peter Blauert, der 2017 mit in der Menschenkette von Tihange \u00fcber L\u00fcttich und Maastricht nach Aachen war. 50.000 Menschen hatten damals f\u00fcr die Abschaltung der Atomkraftwerke Tihange 2 und Doel 3 demonstriert.<\/p>\n","protected":false},"excerpt":{"rendered":"<p>\u201eDer Ausstieg aus der Stromerzeugung mit Atom- und Kohlekraftwerken ist eine Forderung der Initiatoren der Demonstration am kommenden Samstag in Lingen, die wir voll unterst\u00fctzen,\u201c sagt Peter Blauert, Sprecher des [&hellip;]<\/p>\n","protected":false},"author":-1,"featured_media":21,"comment_status":"open","ping_status":"open","sticky":false,"template":"","format":"standard","meta":{"footnotes":""},"categories":[4],"tags":[3],"class_list":["post-20","post","type-post","status-publish","format-standard","has-post-thumbnail","hentry","category-emsland","tag-atomkraft"],"_links":{"self":[{"href":"https:\/\/gruene-emsland.de\/index.php?rest_route=\/wp\/v2\/posts\/20","targetHints":{"allow":["GET"]}}],"collection":[{"href":"https:\/\/gruene-emsland.de\/index.php?rest_route=\/wp\/v2\/posts"}],"about":[{"href":"https:\/\/gruene-emsland.de\/index.php?rest_route=\/wp\/v2\/types\/post"}],"author":[{"embeddable":true,"href":"https:\/\/gruene-emsland.de\/index.php?rest_route=\/wp\/v2\/users\/1"}],"replies":[{"embeddable":true,"href":"https:\/\/gruene-emsland.de\/index.php?rest_route=%2Fwp%2Fv2%2Fcomments&post=20"}],"version-history":[{"count":1,"href":"https:\/\/gruene-emsland.de\/index.php?rest_route=\/wp\/v2\/posts\/20\/revisions"}],"predecessor-version":[{"id":22,"href":"https:\/\/gruene-emsland.de\/index.php?rest_route=\/wp\/v2\/posts\/20\/revisions\/22"}],"wp:featuredmedia":[{"embeddable":true,"href":"https:\/\/gruene-emsland.de\/index.php?rest_route=\/wp\/v2\/media\/21"}],"wp:attachment":[{"href":"https:\/\/gruene-emsland.de\/index.php?rest_route=%2Fwp%2Fv2%2Fmedia&parent=20"}],"wp:term":[{"taxonomy":"category","embeddable":true,"href":"https:\/\/gruene-emsland.de\/index.php?rest_route=%2Fwp%2Fv2%2Fcategories&post=20"},{"taxonomy":"post_tag","embeddable":true,"href":"https:\/\/gruene-emsland.de\/index.php?rest_route=%2Fwp%2Fv2%2Ftags&post=20"}],"curies":[{"name":"wp","href":"https:\/\/api.w.org\/{rel}","templated":true}]}}