{"id":196,"date":"2020-12-07T16:29:54","date_gmt":"2020-12-07T16:29:54","guid":{"rendered":"https:\/\/gruene-emsland.de\/?p=196"},"modified":"2020-12-07T16:29:54","modified_gmt":"2020-12-07T16:29:54","slug":"klimaschutzstrategie-des-landkreis-emsland","status":"publish","type":"post","link":"https:\/\/gruene-emsland.de\/?p=196","title":{"rendered":"Klimaschutzstrategie des Landkreis Emsland"},"content":{"rendered":"\n<h4 class=\"wp-block-heading\">Presseerkl\u00e4rung der gr\u00fcnen Kreistagsfraktion<\/h4>\n\n\n\n<p>Der Landkreis Emsland muss beim Thema Klimaschutz dringend seine Hausaufgaben machen. Im Landkreis Emsland sind in den letzten Jahren leider eine Vielzahl von Ma\u00dfnahmen auf den Weg gebracht worden, die die Nachhaltigkeit des Wirtschaftens und Lebens im Sinne einer vorausschauenden Energie-und Klimaschutzpolitik nicht verbessern und zukunftsf\u00e4hig ausrichten.<\/p>\n\n\n\n<p>Beispielhaft sei hier der<strong> <\/strong><strong>4spurige Ausbau der E233<\/strong>genannt. Nachhaltige Regionalplanung muss jedoch die Klimafolgen-Anpassung im Ganzen betrachten. Was die Verwaltung im Umweltausschuss vorgestellt hat, ist Sch\u00f6nrechnerei von Ausgaben f\u00fcr den Klimaschutz &#8211; und in Kombination mit dem bereits seit l\u00e4ngerem bekannten Klimagesetz &#8211; ein verantwortungsloser, klimapolitischer R\u00fcckschritt.<\/p>\n\n\n\n<p>Die Emissionsreduktionsziele gehen vollkommen an dem vorbei, was die Wissenschaft f\u00fcr notwendig h\u00e4lt, um die globale Erderw\u00e4rmung auf 1,5 Grad zu begrenzen. Klimaneutralit\u00e4t bis 2035 w\u00e4re notwendig, stattdessen sieht man in Niedersachsen nur eine Emissionsreduktion um 80-95% bis 2050 vor. Dass die Bereiche Landwirtschaft, Moorschutz im moorreichsten Landkreis Deutschlands, oder auch der Industrie- und\u00a0Geb\u00e4udesektor vernachl\u00e4ssigt wurden, zeigt, dass man den Fehler begeht zu denken, dass jetzt radikale Ma\u00dfnahmen schmerzhafter seien, als das, was uns durch die Klimakrise droht. Im Ma\u00dfnahmenprogramm werden lediglich halbherzige Programme hier und Umweltma\u00dfnahmen da vorgesehen, statt dringend konsequente Beschl\u00fcsse auf den Weg zu bringen. Als da sind: Verpflichtende Bauleitvorgaben wie beispielsweise fl\u00e4chendeckende Photovoltaik und E-Ladetechnik f\u00fcr Bauherren. Wir als Kreistagsfraktion fordern den Landrat dazu auf, ein Klimaprogramm und dazugeh\u00f6rige Ma\u00dfnahmen auf den Weg zu bringen, die sich am wissenschaftlich Notwendigen orientiert.<\/p>\n","protected":false},"excerpt":{"rendered":"<p>Presseerkl\u00e4rung der gr\u00fcnen Kreistagsfraktion Der Landkreis Emsland muss beim Thema Klimaschutz dringend seine Hausaufgaben machen. Im Landkreis Emsland sind in den letzten Jahren leider eine Vielzahl von Ma\u00dfnahmen auf den [&hellip;]<\/p>\n","protected":false},"author":-1,"featured_media":195,"comment_status":"open","ping_status":"open","sticky":false,"template":"","format":"standard","meta":{"footnotes":""},"categories":[41,4,22],"tags":[],"class_list":["post-196","post","type-post","status-publish","format-standard","has-post-thumbnail","hentry","category-kreistagsfraktion","category-emsland","category-pressemitteilung"],"_links":{"self":[{"href":"https:\/\/gruene-emsland.de\/index.php?rest_route=\/wp\/v2\/posts\/196","targetHints":{"allow":["GET"]}}],"collection":[{"href":"https:\/\/gruene-emsland.de\/index.php?rest_route=\/wp\/v2\/posts"}],"about":[{"href":"https:\/\/gruene-emsland.de\/index.php?rest_route=\/wp\/v2\/types\/post"}],"author":[{"embeddable":true,"href":"https:\/\/gruene-emsland.de\/index.php?rest_route=\/wp\/v2\/users\/1"}],"replies":[{"embeddable":true,"href":"https:\/\/gruene-emsland.de\/index.php?rest_route=%2Fwp%2Fv2%2Fcomments&post=196"}],"version-history":[{"count":1,"href":"https:\/\/gruene-emsland.de\/index.php?rest_route=\/wp\/v2\/posts\/196\/revisions"}],"predecessor-version":[{"id":197,"href":"https:\/\/gruene-emsland.de\/index.php?rest_route=\/wp\/v2\/posts\/196\/revisions\/197"}],"wp:featuredmedia":[{"embeddable":true,"href":"https:\/\/gruene-emsland.de\/index.php?rest_route=\/wp\/v2\/media\/195"}],"wp:attachment":[{"href":"https:\/\/gruene-emsland.de\/index.php?rest_route=%2Fwp%2Fv2%2Fmedia&parent=196"}],"wp:term":[{"taxonomy":"category","embeddable":true,"href":"https:\/\/gruene-emsland.de\/index.php?rest_route=%2Fwp%2Fv2%2Fcategories&post=196"},{"taxonomy":"post_tag","embeddable":true,"href":"https:\/\/gruene-emsland.de\/index.php?rest_route=%2Fwp%2Fv2%2Ftags&post=196"}],"curies":[{"name":"wp","href":"https:\/\/api.w.org\/{rel}","templated":true}]}}