{"id":189,"date":"2020-11-16T17:16:54","date_gmt":"2020-11-16T17:16:54","guid":{"rendered":"https:\/\/gruene-emsland.de\/?p=189"},"modified":"2020-11-16T17:16:54","modified_gmt":"2020-11-16T17:16:54","slug":"volksbegehren-hat-etappenziel-fruehzeitig-erreicht","status":"publish","type":"post","link":"https:\/\/gruene-emsland.de\/?p=189","title":{"rendered":"Volksbegehren hat Etappenziel fr\u00fchzeitig erreicht"},"content":{"rendered":"\n<h4 class=\"wp-block-heading\"><strong>Emsland-Gr\u00fcne akzeptieren den Verzicht auf zweite Runde<\/strong><\/h4>\n\n\n\n<p>Gr\u00fcnland und artenreiche Wiesen sowie Gew\u00e4sserrandstreifen werden besser gesch\u00fctzt, der Pestizideinsatz in wichtigen Naturbereichen wird verboten, der Wiesenvogelschutz wird ausgeweitet, heimische Baumarten gef\u00f6rdert und der Anteil des \u00d6kolandbaus gesteigert: Diese und weitere Eckpunkte f\u00fcr besseren Tier- und Pflanzenschutz in Niedersachsen hat das nieders\u00e4chsische Parlament als \u201eNieders\u00e4chsischen Weg\u201c jetzt beschlossen und gesetzlich verankert.<\/p>\n\n\n\n<p>\u201eOhne das Volksbegehren h\u00e4tte es den Nieders\u00e4chsischen Weg und die Beschl\u00fcsse im Landtag f\u00fcr besseren Naturschutz niemals gegeben.\u201c ist sich der Vorsitzende des Kreisverbandes Emsland&nbsp; von B\u00fcndnis90\/DIE GR\u00dcNEN Werner Henseleit sicher. \u201eDamit ist ein erstes Etappenziel f\u00fcr den Naturschutz in Niedersachsen erreicht an dem wir als GR\u00dcNE mit Umsetzungs- und Verbesserungsforderungen nahtlos ankn\u00fcpfen werden.\u201c<\/p>\n\n\n\n<p>F\u00fcr Birgit Kemmer, ebenfalls Vorsitzende des Kreisverbandes, ist klar, dass nur der Druck des breit angelegten B\u00fcndnisses zum Volksbegehren die Landesregierung mit den Umweltverb\u00e4nden und dem Landvolk an einen Tisch gebracht hat: \u201eJetzt hat der Landtag weitgehend das beschlossen, was wir mit dem Volksbegehren erreichen wollten. Auch wenn wir nicht zu 100 Prozent unsere Ziele erreicht haben, so sind die jetzt beschlossenen \u00c4nderungen im Naturschutz-, Wald- und Wassergesetz eine deutliche Verbesserung f\u00fcr die Tier- und Pflanzenarten in Niedersachsen.\u201c<\/p>\n\n\n\n<p>\u00dcberall im Land hatten sich Aktionsb\u00fcndnisse aus GR\u00dcNEN, Umweltverb\u00e4nden, lokalen Umweltgruppen, Imker*innen, etc. f\u00fcr das Volksbegehren gebildet und niedersachsenweit bereits bis November in der Vorphase zum eigentlichen Antrag 140.000 Unterschriften gesammelt.<\/p>\n\n\n\n<p>Der Kreisverband der GR\u00dcNEN im Emsland bedanke sich bei allen, die mit ihrer Unterschrift und dem Sammeln von Unterschriften zu diesem Erfolg beigetragen haben. Diese neue B\u00fcndnisbewegung mache Mut, sich weiter f\u00fcr besseren Natur- und Artenschutz einzusetzen und dem dramatischen Insekten- und Artensterben etwas entgegenzusetzen.<\/p>\n","protected":false},"excerpt":{"rendered":"<p>Emsland-Gr\u00fcne akzeptieren den Verzicht auf zweite Runde Gr\u00fcnland und artenreiche Wiesen sowie Gew\u00e4sserrandstreifen werden besser gesch\u00fctzt, der Pestizideinsatz in wichtigen Naturbereichen wird verboten, der Wiesenvogelschutz wird ausgeweitet, heimische Baumarten gef\u00f6rdert [&hellip;]<\/p>\n","protected":false},"author":-1,"featured_media":190,"comment_status":"open","ping_status":"open","sticky":false,"template":"","format":"standard","meta":{"footnotes":""},"categories":[4],"tags":[39,40],"class_list":["post-189","post","type-post","status-publish","format-standard","has-post-thumbnail","hentry","category-emsland","tag-pressemitteilung","tag-volksbegehren-artenvielfalt"],"_links":{"self":[{"href":"https:\/\/gruene-emsland.de\/index.php?rest_route=\/wp\/v2\/posts\/189","targetHints":{"allow":["GET"]}}],"collection":[{"href":"https:\/\/gruene-emsland.de\/index.php?rest_route=\/wp\/v2\/posts"}],"about":[{"href":"https:\/\/gruene-emsland.de\/index.php?rest_route=\/wp\/v2\/types\/post"}],"author":[{"embeddable":true,"href":"https:\/\/gruene-emsland.de\/index.php?rest_route=\/wp\/v2\/users\/1"}],"replies":[{"embeddable":true,"href":"https:\/\/gruene-emsland.de\/index.php?rest_route=%2Fwp%2Fv2%2Fcomments&post=189"}],"version-history":[{"count":1,"href":"https:\/\/gruene-emsland.de\/index.php?rest_route=\/wp\/v2\/posts\/189\/revisions"}],"predecessor-version":[{"id":191,"href":"https:\/\/gruene-emsland.de\/index.php?rest_route=\/wp\/v2\/posts\/189\/revisions\/191"}],"wp:featuredmedia":[{"embeddable":true,"href":"https:\/\/gruene-emsland.de\/index.php?rest_route=\/wp\/v2\/media\/190"}],"wp:attachment":[{"href":"https:\/\/gruene-emsland.de\/index.php?rest_route=%2Fwp%2Fv2%2Fmedia&parent=189"}],"wp:term":[{"taxonomy":"category","embeddable":true,"href":"https:\/\/gruene-emsland.de\/index.php?rest_route=%2Fwp%2Fv2%2Fcategories&post=189"},{"taxonomy":"post_tag","embeddable":true,"href":"https:\/\/gruene-emsland.de\/index.php?rest_route=%2Fwp%2Fv2%2Ftags&post=189"}],"curies":[{"name":"wp","href":"https:\/\/api.w.org\/{rel}","templated":true}]}}