{"id":177,"date":"2020-10-08T18:17:51","date_gmt":"2020-10-08T18:17:51","guid":{"rendered":"https:\/\/gruene-emsland.de\/?p=177"},"modified":"2020-10-08T18:17:51","modified_gmt":"2020-10-08T18:17:51","slug":"emslaendische-gruene-fordern-geologische-gutachten-zum-endlager","status":"publish","type":"post","link":"https:\/\/gruene-emsland.de\/?p=177","title":{"rendered":"Emsl\u00e4ndische Gr\u00fcne fordern geologische Gutachten zum Endlager"},"content":{"rendered":"\n<p>Der Landkreis Emsland bleibt bei seiner ablehnenden Haltung gegen ein Endlager im Emsland. \u201eAls Anti-Atompartei haben wir dieser Haltung nat\u00fcrlich zugestimmt.\u201c erkl\u00e4rt Birgitt Kemmer von der Kreistagsfraktion.<\/p>\n\n\n\n<p>Allerdings sei die zu erwartende \u201eNicht bei uns!\u201c-Reaktion der betroffenen Landkreise und Gemeinden keine verantwortungsvolle Haltung, wenn man jahrzehntelang politisch eine Pro-Atom-Haltung an den Tag gelegt habe.<\/p>\n\n\n\n<p>Die emsl\u00e4ndischen &nbsp;GR\u00dcNEN fordern den Landkreis Emsland auf, nicht nur reflexhaft und rituell zu reagieren, sondern eigene Gutachten einzuholen, die wissenschaftliche Argumente f\u00fcr die Nichteignung unserer Region in den Vordergrund stellen.&nbsp; Sie fordern schon jetzt eine agierende statt reagierende Haltung ein.&nbsp;<\/p>\n\n\n\n<p>\u201eNach Jahrzehnten einer verfehlten Energiepolitik mit dem Ergebnis eines Jahrmillionen strahlenden Atomm\u00fclls brauchen wir in Deutschland einen Standort mit den geringsten Schwachstellen, auch unter Ber\u00fccksichtigung des ansteigenden Meeresspiegels aufgrund des Klimawandels.\u201c unterstreicht Kemmer den Standpunkt der Fraktion.<\/p>\n\n\n\n<p>Das Endlager d\u00fcrfe dabei kein Spielball der Politik werden! Hier m\u00fcsse die sichere Unterbringung der atomaren Hinterlassenschaft absoluten Vorrang haben.<\/p>\n\n\n\n<p>Aber auch die bereits bestehenden Belastungen durch AKW\u00b4s und Brennelementefabrik im Emsland seien zu ber\u00fccksichtigen.<\/p>\n\n\n\n<p>F\u00fcr den Kreisverband macht Vorstandsmitglied Martina Markus deutlich: \u201eEin \u00fcber die bestehenden Belastungen hinaus durch Atomm\u00fcll bedrohtes Emsland hat viele Nachteile in Kauf zu nehmen: Familien und Betriebe werden \u00fcberlegen, das Emsland f\u00fcr ihren Lebensmittelpunkt oder ihre Investitionen zu w\u00e4hlen.\u201c<\/p>\n\n\n\n<p>F\u00fcr DIE GR\u00dcNEN hei\u00dfe das Gebot der Stunde zu handeln und nicht zu warten, bis die Gutachter der Gesellschaft f\u00fcr Endlagerung das Kommando \u00fcbernehmen.<\/p>\n","protected":false},"excerpt":{"rendered":"<p>Der Landkreis Emsland bleibt bei seiner ablehnenden Haltung gegen ein Endlager im Emsland. \u201eAls Anti-Atompartei haben wir dieser Haltung nat\u00fcrlich zugestimmt.\u201c erkl\u00e4rt Birgitt Kemmer von der Kreistagsfraktion. Allerdings sei die [&hellip;]<\/p>\n","protected":false},"author":-1,"featured_media":0,"comment_status":"open","ping_status":"open","sticky":false,"template":"","format":"standard","meta":{"footnotes":""},"categories":[4,22],"tags":[],"class_list":["post-177","post","type-post","status-publish","format-standard","hentry","category-emsland","category-pressemitteilung"],"_links":{"self":[{"href":"https:\/\/gruene-emsland.de\/index.php?rest_route=\/wp\/v2\/posts\/177","targetHints":{"allow":["GET"]}}],"collection":[{"href":"https:\/\/gruene-emsland.de\/index.php?rest_route=\/wp\/v2\/posts"}],"about":[{"href":"https:\/\/gruene-emsland.de\/index.php?rest_route=\/wp\/v2\/types\/post"}],"author":[{"embeddable":true,"href":"https:\/\/gruene-emsland.de\/index.php?rest_route=\/wp\/v2\/users\/1"}],"replies":[{"embeddable":true,"href":"https:\/\/gruene-emsland.de\/index.php?rest_route=%2Fwp%2Fv2%2Fcomments&post=177"}],"version-history":[{"count":1,"href":"https:\/\/gruene-emsland.de\/index.php?rest_route=\/wp\/v2\/posts\/177\/revisions"}],"predecessor-version":[{"id":179,"href":"https:\/\/gruene-emsland.de\/index.php?rest_route=\/wp\/v2\/posts\/177\/revisions\/179"}],"wp:attachment":[{"href":"https:\/\/gruene-emsland.de\/index.php?rest_route=%2Fwp%2Fv2%2Fmedia&parent=177"}],"wp:term":[{"taxonomy":"category","embeddable":true,"href":"https:\/\/gruene-emsland.de\/index.php?rest_route=%2Fwp%2Fv2%2Fcategories&post=177"},{"taxonomy":"post_tag","embeddable":true,"href":"https:\/\/gruene-emsland.de\/index.php?rest_route=%2Fwp%2Fv2%2Ftags&post=177"}],"curies":[{"name":"wp","href":"https:\/\/api.w.org\/{rel}","templated":true}]}}