{"id":172,"date":"2020-09-22T17:00:50","date_gmt":"2020-09-22T17:00:50","guid":{"rendered":"https:\/\/gruene-emsland.de\/?p=172"},"modified":"2020-09-22T17:00:50","modified_gmt":"2020-09-22T17:00:50","slug":"gruenen-vorstand-macht-wachsende-zustimmung-im-emsland-aus","status":"publish","type":"post","link":"https:\/\/gruene-emsland.de\/?p=172","title":{"rendered":"Gr\u00fcnen-Vorstand macht wachsende Zustimmung im Emsland aus"},"content":{"rendered":"\n<h4 class=\"wp-block-heading\">Auf ihrer Kreismitgliederversammlung haben die emsl\u00e4ndischen Gr\u00fcnen ihren bisherigen Vorstand mit gro\u00dfer Mehrheit im Amt best\u00e4tigt.<\/h4>\n\n\n\n<p>Werner Henseleit (Rastdorf) und Martina Markus (Meppen) erhielten eine Zustimmung von jeweils 100 Prozent, Birgit Kemmer (Lingen) 95 Prozent. Damit sei ein Zeichen gro\u00dfer Geschlossenheit des erst seit zwei Jahren bestehenden Kreisverbandes Emsland gesetzt und dem Vorstand das Vertrauen ausgesprochen worden, hei\u00dft es in einer Mittelung der Gr\u00fcnen. Die bis 2018 bestehenden drei Kreisverb\u00e4nde Emsland-Nord, Mitte und S\u00fcd hatten sich vor zwei Jahren zum Kreisverband Emsland zusammengeschlossen.<\/p>\n\n\n\n<p>Markus als Kassenwartin wies in ihrem Bericht besonders auf den erheblichen Zuwachs an Mitgliedern in den vergangenen beiden Jahren hin, der ein Indikator f\u00fcr die wachsende Zustimmung im Emsland f\u00fcr die Gr\u00fcnen bedeute. Der Vorstand der Gr\u00fcnen zeigte sich aufgrund der wachsenden Mitgliederzahlen und Umfrageergebnissen zuversichtlich f\u00fcr die Kommunalwahl 2021.<\/p>\n\n\n\n<p><strong>Aufruf zum Volksbegehren<\/strong><\/p>\n\n\n\n<p>Neben Vorstands- und Delegiertenwahlen befasste sich die Versammlung vor allem mit dem Volksbegehren Artenschutz. Einm\u00fctig stellte sich der Kreisverband der Gr\u00fcnen hinter das Volksbegehren und lehnte den \u201eNieders\u00e4chsischen Weg\u201c als durchsichtiges Man\u00f6ver zur Verw\u00e4sserung gesetzlicher Regelungen ab. Alle Ortsvereine und dem Naturschutz zugewandte Akteure seien aufgerufen, ihre ganze Energie auf eine\u00a0 Durchsetzung des Volksbegehrens wie in Bayern zu richten.<\/p>\n\n\n\n<p>Die Kreismitgliederversammlung wurde im Anschluss an eine zweist\u00fcndige F\u00fchrung durch das Haus und die Ausstellungen im 3N-Kompetenzzentrum in Werlte durchgef\u00fchrt. Die Teilnehmenden zeigten sich beeindruckt von den Angeboten des Zentrums mit seiner bio\u00f6konomischen Ausrichtung. Im Emsland selbst m\u00fcsse der Bekanntheitsgrad des Kompetenzzentrums unbedingt gesteigert werden.<\/p>\n\n\n\n<p>Zu Beginn der Kreismitgliederversammlung gedachte die Versammlung in einer Schweigeminute ihres Parteifreunds Bernd Ellermann, der unerwartet im Alter von 68 Jahren verstorben war. Ellermann war f\u00fcr die Gr\u00fcnen Ratsmitglied in Klein Ber\u00dfen und der Samtgemeinde S\u00f6gel.<\/p>\n","protected":false},"excerpt":{"rendered":"<p>Auf ihrer Kreismitgliederversammlung haben die emsl\u00e4ndischen Gr\u00fcnen ihren bisherigen Vorstand mit gro\u00dfer Mehrheit im Amt best\u00e4tigt. Werner Henseleit (Rastdorf) und Martina Markus (Meppen) erhielten eine Zustimmung von jeweils 100 Prozent, [&hellip;]<\/p>\n","protected":false},"author":-1,"featured_media":173,"comment_status":"open","ping_status":"open","sticky":false,"template":"","format":"standard","meta":{"footnotes":""},"categories":[4,22],"tags":[24],"class_list":["post-172","post","type-post","status-publish","format-standard","has-post-thumbnail","hentry","category-emsland","category-pressemitteilung","tag-gruene-im-emsland"],"_links":{"self":[{"href":"https:\/\/gruene-emsland.de\/index.php?rest_route=\/wp\/v2\/posts\/172","targetHints":{"allow":["GET"]}}],"collection":[{"href":"https:\/\/gruene-emsland.de\/index.php?rest_route=\/wp\/v2\/posts"}],"about":[{"href":"https:\/\/gruene-emsland.de\/index.php?rest_route=\/wp\/v2\/types\/post"}],"author":[{"embeddable":true,"href":"https:\/\/gruene-emsland.de\/index.php?rest_route=\/wp\/v2\/users\/1"}],"replies":[{"embeddable":true,"href":"https:\/\/gruene-emsland.de\/index.php?rest_route=%2Fwp%2Fv2%2Fcomments&post=172"}],"version-history":[{"count":1,"href":"https:\/\/gruene-emsland.de\/index.php?rest_route=\/wp\/v2\/posts\/172\/revisions"}],"predecessor-version":[{"id":174,"href":"https:\/\/gruene-emsland.de\/index.php?rest_route=\/wp\/v2\/posts\/172\/revisions\/174"}],"wp:featuredmedia":[{"embeddable":true,"href":"https:\/\/gruene-emsland.de\/index.php?rest_route=\/wp\/v2\/media\/173"}],"wp:attachment":[{"href":"https:\/\/gruene-emsland.de\/index.php?rest_route=%2Fwp%2Fv2%2Fmedia&parent=172"}],"wp:term":[{"taxonomy":"category","embeddable":true,"href":"https:\/\/gruene-emsland.de\/index.php?rest_route=%2Fwp%2Fv2%2Fcategories&post=172"},{"taxonomy":"post_tag","embeddable":true,"href":"https:\/\/gruene-emsland.de\/index.php?rest_route=%2Fwp%2Fv2%2Ftags&post=172"}],"curies":[{"name":"wp","href":"https:\/\/api.w.org\/{rel}","templated":true}]}}