{"id":165,"date":"2020-07-19T17:54:28","date_gmt":"2020-07-19T17:54:28","guid":{"rendered":"https:\/\/gruene-emsland.de\/?p=165"},"modified":"2020-07-19T17:54:28","modified_gmt":"2020-07-19T17:54:28","slug":"gruene-unterstuetzen-die-bi-exit-e233","status":"publish","type":"post","link":"https:\/\/gruene-emsland.de\/?p=165","title":{"rendered":"Gr\u00fcne unterst\u00fctzen die BI Exit E233"},"content":{"rendered":"\n<h4 class=\"wp-block-heading\">Protest in D\u00f6rgen gegen den Ausbau der Europastra\u00dfe<\/h4>\n\n\n\n<p>Am Samstag, den 11. Juli protestierte die B\u00fcrgerinitiative Exit 233 erneut gegen den geplanten Ausbau der B402\/E233. Jetzt ist in D\u00f6rgen, Stadt Hasel\u00fcnne, weithin sichtbar ein Banner mit dem Protest der Gruppe zu sehen.<\/p>\n\n\n\n<p>Wir als Gr\u00fcnen im Landkreis Emsland unterst\u00fctzen seit Beginn an den Protest der B\u00fcrgerinitiative politisch. Auch wir sind gegen den 4-spurigen Ausbau der E233 und die damit einhergehende Zerst\u00f6rung unserer Natur.<\/p>\n","protected":false},"excerpt":{"rendered":"<p>Protest in D\u00f6rgen gegen den Ausbau der Europastra\u00dfe Am Samstag, den 11. Juli protestierte die B\u00fcrgerinitiative Exit 233 erneut gegen den geplanten Ausbau der B402\/E233. Jetzt ist in D\u00f6rgen, Stadt [&hellip;]<\/p>\n","protected":false},"author":-1,"featured_media":166,"comment_status":"open","ping_status":"open","sticky":false,"template":"","format":"standard","meta":{"footnotes":""},"categories":[4],"tags":[19],"class_list":["post-165","post","type-post","status-publish","format-standard","has-post-thumbnail","hentry","category-emsland","tag-verkehr"],"_links":{"self":[{"href":"https:\/\/gruene-emsland.de\/index.php?rest_route=\/wp\/v2\/posts\/165","targetHints":{"allow":["GET"]}}],"collection":[{"href":"https:\/\/gruene-emsland.de\/index.php?rest_route=\/wp\/v2\/posts"}],"about":[{"href":"https:\/\/gruene-emsland.de\/index.php?rest_route=\/wp\/v2\/types\/post"}],"author":[{"embeddable":true,"href":"https:\/\/gruene-emsland.de\/index.php?rest_route=\/wp\/v2\/users\/1"}],"replies":[{"embeddable":true,"href":"https:\/\/gruene-emsland.de\/index.php?rest_route=%2Fwp%2Fv2%2Fcomments&post=165"}],"version-history":[{"count":1,"href":"https:\/\/gruene-emsland.de\/index.php?rest_route=\/wp\/v2\/posts\/165\/revisions"}],"predecessor-version":[{"id":167,"href":"https:\/\/gruene-emsland.de\/index.php?rest_route=\/wp\/v2\/posts\/165\/revisions\/167"}],"wp:featuredmedia":[{"embeddable":true,"href":"https:\/\/gruene-emsland.de\/index.php?rest_route=\/wp\/v2\/media\/166"}],"wp:attachment":[{"href":"https:\/\/gruene-emsland.de\/index.php?rest_route=%2Fwp%2Fv2%2Fmedia&parent=165"}],"wp:term":[{"taxonomy":"category","embeddable":true,"href":"https:\/\/gruene-emsland.de\/index.php?rest_route=%2Fwp%2Fv2%2Fcategories&post=165"},{"taxonomy":"post_tag","embeddable":true,"href":"https:\/\/gruene-emsland.de\/index.php?rest_route=%2Fwp%2Fv2%2Ftags&post=165"}],"curies":[{"name":"wp","href":"https:\/\/api.w.org\/{rel}","templated":true}]}}