{"id":155,"date":"2020-05-26T17:30:41","date_gmt":"2020-05-26T17:30:41","guid":{"rendered":"https:\/\/gruene-emsland.de\/?p=155"},"modified":"2020-05-26T17:30:41","modified_gmt":"2020-05-26T17:30:41","slug":"gruene-wollen-entschaerfung-der-situation-am-helter-damm","status":"publish","type":"post","link":"https:\/\/gruene-emsland.de\/?p=155","title":{"rendered":"Gr\u00fcne wollen Entsch\u00e4rfung der Situation am Helter Damm"},"content":{"rendered":"\n<h4 class=\"wp-block-heading\">Der Einbau einer Querungshilfe kann die Schwierigkeiten f\u00fcr Radfahrer und Fu\u00dfg\u00e4nger reduzieren.<\/h4>\n\n\n\n<p>An der Stra\u00dfenkreuzung Helter Damm mit den Stra\u00dfen Kollhofe \/ Bramhaarweg, direkt am Bahn\u00fcbergang Richtung Helte \/ Innenstadt ist vor allem morgens viel los. Es staut sich der Berufsverkehr und viele Sch\u00fcler und Arbeitnshmer\/-innen aus dem nahen Wohngebieten Feldkamp I und II wollen mit dem Fahrrad zur Abeit.<\/p>\n\n\n\n<p>Daf\u00fcr m\u00fcssen sie die vielbefahrene Stra\u00dfe \u00fcberqueren, was angesichts des Verkehrs zu dieser Zeit garnicht so einfach ist. In Zukunft kommt dann noch ein weiterer Faktor hinzu. Direkt hinter dem Bahn\u00fcbergang soll ein Lebensmittelmarkt errichtet werden. Um diesen zu erreichen werden auch viele Bewohner der anliegenden Wohngebiete den Helter Damm \u00fcberqueren m\u00fcssen.<\/p>\n\n\n\n<p>Wir Gr\u00fcne machen auf diese Zust\u00e4nde jetzt aufmerksam, damit sich erst noch die Probleme versch\u00e4rfen. Unserer Meinung nach ist mindestens eine Querungshilfe erforderlich um f\u00fcr Fu\u00dfg\u00e4nger und Fahrradfahrer den Weg \u00fcber den Helter Damm sicherer zu machen.<\/p>\n\n\n\n<p>Anlage:&nbsp;<a href=\"https:\/\/die-gruenen-meppen.de\/wp-content\/uploads\/2020\/05\/2020-05-26-_Helterdamm.pdf\" target=\"_blank\" rel=\"noreferrer noopener\">Schreiben an LR Burgdorff<\/a><\/p>\n","protected":false},"excerpt":{"rendered":"<p>Der Einbau einer Querungshilfe kann die Schwierigkeiten f\u00fcr Radfahrer und Fu\u00dfg\u00e4nger reduzieren. An der Stra\u00dfenkreuzung Helter Damm mit den Stra\u00dfen Kollhofe \/ Bramhaarweg, direkt am Bahn\u00fcbergang Richtung Helte \/ Innenstadt [&hellip;]<\/p>\n","protected":false},"author":-1,"featured_media":156,"comment_status":"open","ping_status":"open","sticky":false,"template":"","format":"standard","meta":{"footnotes":""},"categories":[1],"tags":[20,19],"class_list":["post-155","post","type-post","status-publish","format-standard","has-post-thumbnail","hentry","category-uncategorized","tag-fahrrad","tag-verkehr"],"_links":{"self":[{"href":"https:\/\/gruene-emsland.de\/index.php?rest_route=\/wp\/v2\/posts\/155","targetHints":{"allow":["GET"]}}],"collection":[{"href":"https:\/\/gruene-emsland.de\/index.php?rest_route=\/wp\/v2\/posts"}],"about":[{"href":"https:\/\/gruene-emsland.de\/index.php?rest_route=\/wp\/v2\/types\/post"}],"author":[{"embeddable":true,"href":"https:\/\/gruene-emsland.de\/index.php?rest_route=\/wp\/v2\/users\/1"}],"replies":[{"embeddable":true,"href":"https:\/\/gruene-emsland.de\/index.php?rest_route=%2Fwp%2Fv2%2Fcomments&post=155"}],"version-history":[{"count":2,"href":"https:\/\/gruene-emsland.de\/index.php?rest_route=\/wp\/v2\/posts\/155\/revisions"}],"predecessor-version":[{"id":158,"href":"https:\/\/gruene-emsland.de\/index.php?rest_route=\/wp\/v2\/posts\/155\/revisions\/158"}],"wp:featuredmedia":[{"embeddable":true,"href":"https:\/\/gruene-emsland.de\/index.php?rest_route=\/wp\/v2\/media\/156"}],"wp:attachment":[{"href":"https:\/\/gruene-emsland.de\/index.php?rest_route=%2Fwp%2Fv2%2Fmedia&parent=155"}],"wp:term":[{"taxonomy":"category","embeddable":true,"href":"https:\/\/gruene-emsland.de\/index.php?rest_route=%2Fwp%2Fv2%2Fcategories&post=155"},{"taxonomy":"post_tag","embeddable":true,"href":"https:\/\/gruene-emsland.de\/index.php?rest_route=%2Fwp%2Fv2%2Ftags&post=155"}],"curies":[{"name":"wp","href":"https:\/\/api.w.org\/{rel}","templated":true}]}}