{"id":142,"date":"2020-03-15T08:07:48","date_gmt":"2020-03-15T08:07:48","guid":{"rendered":"https:\/\/gruene-emsland.de\/?p=142"},"modified":"2020-03-15T08:07:48","modified_gmt":"2020-03-15T08:07:48","slug":"gruene-kreistagsfraktion-zum-kreishaushalt-2020","status":"publish","type":"post","link":"https:\/\/gruene-emsland.de\/?p=142","title":{"rendered":"Gr\u00fcne Kreistagsfraktion zum Kreishaushalt 2020"},"content":{"rendered":"\n<h4 class=\"wp-block-heading\">Gr\u00fcne kritisieren zu wenig Investitionen in \u00d6PNV und Klima-\/Naturschutz<\/h4>\n\n\n\n<p>In seiner Rede zum Kreishaushalt 2020 kritisierte Michael Fuest f\u00fcr die Gr\u00fcne Kreistagsfraktion die Mittelverteilung. Die gro\u00dfen Zukunftsthemen f\u00fcr den Gesellschaftlichen Wandel werden nicht ausreichend ber\u00fccksichtigt.<\/p>\n\n\n\n<p>Die finanzielle Situation des Landkreis Emsland ist sehr gut. Den Landkreis auf die Herausforderungen der Zukunft vorzubereiten wird jedoch vers\u00e4umt. Das Konzept der vergangenen Jahre wird so weitergef\u00fchrt, ungeachtet der globalen Ver\u00e4nderungen. Die Chance einen Beginn f\u00fcr die erforderlichen Ver\u00e4nderungen zu initiieren wurde vertan.<\/p>\n\n\n\n<p>Wir als Gr\u00fcne haben im Kreistag Vorschl\u00e4ge zur Verbesserung des \u00d6PNV eingebracht, die jedoch alle durch die Mehrheitsfraktionen abgelehnt wurden. <\/p>\n\n\n\n<p><a href=\"https:\/\/gruene-emsland.de\/wp-content\/uploads\/2020\/03\/2020-Rede-zum-HH-2020.pdf\">Rede zum Kreishaushalt 2020<\/a><br><a href=\"https:\/\/gruene-emsland.de\/wp-content\/uploads\/2020\/03\/20200216-Antrag-20-365-Ticket.pdf\">Antrag zum 365\u20ac &#8211; Ticket<\/a><br><a href=\"https:\/\/gruene-emsland.de\/wp-content\/uploads\/2020\/03\/20200216-Antrag-20-einheitliche-Tickets.pdf\">Antrag zum einheitlichen Tarifsystem<\/a><\/p>\n","protected":false},"excerpt":{"rendered":"<p>Gr\u00fcne kritisieren zu wenig Investitionen in \u00d6PNV und Klima-\/Naturschutz In seiner Rede zum Kreishaushalt 2020 kritisierte Michael Fuest f\u00fcr die Gr\u00fcne Kreistagsfraktion die Mittelverteilung. Die gro\u00dfen Zukunftsthemen f\u00fcr den Gesellschaftlichen [&hellip;]<\/p>\n","protected":false},"author":-1,"featured_media":0,"comment_status":"open","ping_status":"open","sticky":false,"template":"","format":"standard","meta":{"footnotes":""},"categories":[1],"tags":[],"class_list":["post-142","post","type-post","status-publish","format-standard","hentry","category-uncategorized"],"_links":{"self":[{"href":"https:\/\/gruene-emsland.de\/index.php?rest_route=\/wp\/v2\/posts\/142","targetHints":{"allow":["GET"]}}],"collection":[{"href":"https:\/\/gruene-emsland.de\/index.php?rest_route=\/wp\/v2\/posts"}],"about":[{"href":"https:\/\/gruene-emsland.de\/index.php?rest_route=\/wp\/v2\/types\/post"}],"author":[{"embeddable":true,"href":"https:\/\/gruene-emsland.de\/index.php?rest_route=\/wp\/v2\/users\/1"}],"replies":[{"embeddable":true,"href":"https:\/\/gruene-emsland.de\/index.php?rest_route=%2Fwp%2Fv2%2Fcomments&post=142"}],"version-history":[{"count":2,"href":"https:\/\/gruene-emsland.de\/index.php?rest_route=\/wp\/v2\/posts\/142\/revisions"}],"predecessor-version":[{"id":148,"href":"https:\/\/gruene-emsland.de\/index.php?rest_route=\/wp\/v2\/posts\/142\/revisions\/148"}],"wp:attachment":[{"href":"https:\/\/gruene-emsland.de\/index.php?rest_route=%2Fwp%2Fv2%2Fmedia&parent=142"}],"wp:term":[{"taxonomy":"category","embeddable":true,"href":"https:\/\/gruene-emsland.de\/index.php?rest_route=%2Fwp%2Fv2%2Fcategories&post=142"},{"taxonomy":"post_tag","embeddable":true,"href":"https:\/\/gruene-emsland.de\/index.php?rest_route=%2Fwp%2Fv2%2Ftags&post=142"}],"curies":[{"name":"wp","href":"https:\/\/api.w.org\/{rel}","templated":true}]}}