{"id":137,"date":"2020-03-08T09:06:25","date_gmt":"2020-03-08T09:06:25","guid":{"rendered":"https:\/\/gruene-emsland.de\/?p=137"},"modified":"2020-03-08T09:07:12","modified_gmt":"2020-03-08T09:07:12","slug":"der-ausverkauf-der-europaeischen-humanitaet","status":"publish","type":"post","link":"https:\/\/gruene-emsland.de\/?p=137","title":{"rendered":"\u201eDer Ausverkauf der europ\u00e4ischen Humanit\u00e4t!\u201c"},"content":{"rendered":"\n<h4 class=\"wp-block-heading\"><\/h4>\n\n\n\n<p>Die Mitgliederversammlung der Partei B\u00fcndnis 90\/ Die Gr\u00fcnen hatte unter anderen \u201eUnser Volksbegehren zur Rettung unserer Artenvielfalt in Niedersachsen\u201c auf der Tagesordnung. Die Gr\u00fcnen engagieren sich auch  emslandweit in dem regionalen Aktions-B\u00fcndnis (das MT berichtete. Doch die Gr\u00fcnen-Versammlung wurde den aktuellen Vorf\u00e4llen und den verst\u00f6renden Bildern von der griechischen Grenze \u00fcberschattet.<\/p>\n\n\n\n<p>\u201eDie Situation an der EU-Au\u00dfengrenze zur T\u00fcrkei hat sich so zugespitzt, dass man nur noch von einem Ausverkauf der Humanit\u00e4t und der Moral sprechen kann\u201c, so Birgit Kemmer; eine der drei Sprecher\/innen der Kreis-Emsland Gr\u00fcnen.<br>\nDie j\u00fcngste Eskalation an der Grenze, aber auch die verfahrene Lage um die europ\u00e4ische Verantwortung f\u00fcr die aus Seenot geretteten  Menschen, trieb rund 170 deutsche Kommunen und einige Bundesl\u00e4nder an,  zus\u00e4tzliche  Aufnahme-Bereitschaft zu signalisieren.<br>\nDie St\u00e4dte Lingen und Meppen hatten sich im Herbst 2019 der Bewegung Seebr\u00fccke angeschlossen: \u201eSomit sind die beiden St\u00e4dte ein sicherer Hafen und beide B\u00fcrgermeister und die Verwaltung der emsl\u00e4ndischen St\u00e4dte sind nun gefragt und ob sie auch bereit sind, ein Kontingent von Fl\u00fcchtlingen zus\u00e4tzlich aufzunehmen\u201c, fordert der gr\u00fcne Kommunalpolitiker Carsten Keetz.<br>\nDie Forderung an die See Stadt Papenburg \u201emachen auch Se die Stadt zum sicheren Hafen\u201c bleibe seitens der Papenburger Gr\u00fcnen-Stadtratsfraktion bestehen und werde von den Emsland-Gr\u00fcnen unterst\u00fctzt, so G\u00fcnter Buss, der die Ablehnung bis heute nicht nachvollziehen kann.<br>\n\u201eWenn auch   Innenminister Seehofer und Teile der Bundesregierung die erneute Fl\u00fcchtlingskrise herunterspielen, sind gerade wir, die Menschen hier vor Ort gefragt, Haltung zu zeigen und die Menschen in Ihrer aktuellen Notlage zu unterst\u00fctzen\u201c, so Birgit Kemmer.<br>\nDie  emsl\u00e4ndischen Gr\u00fcnen; fordern die Verantwortlichen in den St\u00e4dten und Gemeinden des Emslandes auf: \u201eSchauen Sie nicht l\u00e4nger weg und \u00f6ffnen Sie  die T\u00fcren f\u00fcr die Menschen in dieser unertr\u00e4glichen Notlage. Das Emsland hat in der Vergangenheit immer seinen guten Willen gezeigt, und wir gehen davon aus, dass wir kurzfristig ein Kontingent von Fl\u00fcchtlingen aufnehmen k\u00f6nnen.\u201c <\/p>\n","protected":false},"excerpt":{"rendered":"<p>Die Mitgliederversammlung der Partei B\u00fcndnis 90\/ Die Gr\u00fcnen hatte unter anderen \u201eUnser Volksbegehren zur Rettung unserer Artenvielfalt in Niedersachsen\u201c auf der Tagesordnung. Die Gr\u00fcnen engagieren sich auch emslandweit in dem [&hellip;]<\/p>\n","protected":false},"author":-1,"featured_media":0,"comment_status":"open","ping_status":"open","sticky":false,"template":"","format":"standard","meta":{"footnotes":""},"categories":[4],"tags":[17,18],"class_list":["post-137","post","type-post","status-publish","format-standard","hentry","category-emsland","tag-fluechtlinge","tag-griechenland"],"_links":{"self":[{"href":"https:\/\/gruene-emsland.de\/index.php?rest_route=\/wp\/v2\/posts\/137","targetHints":{"allow":["GET"]}}],"collection":[{"href":"https:\/\/gruene-emsland.de\/index.php?rest_route=\/wp\/v2\/posts"}],"about":[{"href":"https:\/\/gruene-emsland.de\/index.php?rest_route=\/wp\/v2\/types\/post"}],"author":[{"embeddable":true,"href":"https:\/\/gruene-emsland.de\/index.php?rest_route=\/wp\/v2\/users\/1"}],"replies":[{"embeddable":true,"href":"https:\/\/gruene-emsland.de\/index.php?rest_route=%2Fwp%2Fv2%2Fcomments&post=137"}],"version-history":[{"count":3,"href":"https:\/\/gruene-emsland.de\/index.php?rest_route=\/wp\/v2\/posts\/137\/revisions"}],"predecessor-version":[{"id":141,"href":"https:\/\/gruene-emsland.de\/index.php?rest_route=\/wp\/v2\/posts\/137\/revisions\/141"}],"wp:attachment":[{"href":"https:\/\/gruene-emsland.de\/index.php?rest_route=%2Fwp%2Fv2%2Fmedia&parent=137"}],"wp:term":[{"taxonomy":"category","embeddable":true,"href":"https:\/\/gruene-emsland.de\/index.php?rest_route=%2Fwp%2Fv2%2Fcategories&post=137"},{"taxonomy":"post_tag","embeddable":true,"href":"https:\/\/gruene-emsland.de\/index.php?rest_route=%2Fwp%2Fv2%2Ftags&post=137"}],"curies":[{"name":"wp","href":"https:\/\/api.w.org\/{rel}","templated":true}]}}