{"id":102,"date":"2020-01-08T22:19:07","date_gmt":"2020-01-08T22:19:07","guid":{"rendered":"https:\/\/gruene-emsland.de\/?p=102"},"modified":"2020-01-08T22:19:07","modified_gmt":"2020-01-08T22:19:07","slug":"kreishaushalt-2020-gruene-wollen-kommunen-um-mindestens-12-mio-euro-entlasten","status":"publish","type":"post","link":"https:\/\/gruene-emsland.de\/?p=102","title":{"rendered":"Kreishaushalt 2020 \u2013 Gr\u00fcne wollen Kommunen um mindestens 12 Mio Euro entlasten"},"content":{"rendered":"\n<h4 class=\"wp-block-heading\">Wir fordern die Reduzierung der Kreisumlage um 3%<\/h4>\n\n\n\n<p>Emsland &#8211; Die von den St\u00e4dten und\nGemeinden im Kreis Emsland zu zahlende Kreisumlage soll in 2020 um mindestens 12\nMio. Euro zus\u00e4tzlich gesenkt werden, das sind nach bisherigen Berechnungen 3\nPunkte,&nbsp; so die Forderung der\nKreistagsfraktion von B\u00fcndnis 90\/Die Gr\u00fcnen zu Beginn der\nHaushaltsplanberatungen. Die Kreisumlage war in den letzten Jahren \u2013aufgrund\nder guten Haushaltslage im Landkreis sowie den sprudelnden Steuereinnahmen bei\nden Kommunen kontinuierlich gesenkt worden. \u201eDer ehemalige Landrat hatte sich\n2019 wiederholt gelobt, dass der Landkreis praktisch schuldenfrei sei. Das\ntrifft jedoch nur auf den Kreishaushalt zu, der 2019 eine neue Rekordsumme mit\nfast 400 Mio Euro umfasste. Die St\u00e4dte und Gemeinden haben nach wie vor zum\nTeil recht hohe Schulden und m\u00fcssen weitere zus\u00e4tzliche Aufgaben, wie die steigenden\nBetriebskosten f\u00fcr Kindertagesst\u00e4tten, hohe Investitionen in den Kita- und\nSchulbereich sowie die Sanierung von Stra\u00dfen und Br\u00fccken bewerkstelligen. Wenn\ndas h\u00e4ufig genutzte Bild von der \u201eemsl\u00e4ndischen Familie\u201c ernst genommen werden\nsoll, denn die Kommunen brauchen jetzt diese Entlastungen\u201c; erkl\u00e4rte der\nVorsitzende der Kreistagsfraktion der Gr\u00fcnen Michael Fuest.<\/p>\n\n\n\n<p>&nbsp;\u201eDie Senkung\nder Kreisumlage w\u00e4re ein starkes Signal der kommunalen Solidarit\u00e4t an die\nkreisangeh\u00f6rigen St\u00e4dte und Gemeinden, die sich im Gegensatz zum Kreis als\n\u201eUmlageverband\u201c oft kein finanzielles Polster anlegen k\u00f6nnen\u201c, kommentiert der\nKreistagsabgeordnete Carsten Keetz (Meppen). Als Einsparungsvorschlag nannte er\nzudem die steigenden Subventionen f\u00fcr den Flughafen M\u00fcnster-Osnabr\u00fcck.<\/p>\n\n\n\n<p>Die GR\u00dcNEN wollen dagegen eine\nzus\u00e4tzliche Tierarztstelle im Veterin\u00e4ramt schaffen, um die&nbsp; Kontrollquote\nf\u00fcr die tierschutzgerechte Haltung von Nutztieren zu erh\u00f6hen. \u201eDie bislang\nvorgesehenen gesetzlichen Kontrollquoten von mindestens 10% der Tierhalter sind\nnicht ausreichend und passen angesichts vieler sich in erschreckender\nRegelm\u00e4\u00dfigkeit ereignenden Tierschutzskandale nicht mehr in die Zeit\u201c , stellt\ndas Kreistagsmitglied G\u00fcnter Buss (Papenburg) fest, \u201eDie von den\nLandwirtschaftsverb\u00e4nden als Argument gegen eine Erh\u00f6hung der gesetzlichen\nKontrollquote angef\u00fchrten sonstigen Kontrollen stellen keinen hinreichenden\nErsatz dar\u201c.&nbsp;<\/p>\n\n\n\n<p>Die Gr\u00fcnen werden weiter auf Verbesserungen im Bereich\n\u00d6PNV zum Kreisaushalt 2020 dr\u00e4ngen und wollen 20.000 Euro f\u00fcr eine Pr\u00fcfung zur\nEinf\u00fchrung eines 1-Euro Tickets w\u00e4hrend der Sommerferien im gesamten Landkreis zur\nVerf\u00fcgung zu stellen. Das 1- Euro Ticket soll pro Fahrt gelten, Kinder bis\neinschlie\u00dflich 15 Jahre sollen kostenlos fahren. Es sollen die\norganisatorischen Voraussetzungen und der Finanzbedarf f\u00fcr dieses Pilotprojekt\ngepr\u00fcft werden, fordert Birgit Kemmer Kreistagsmitglied aus Lingen.\n\n\u2013 \u00dcber\ndie weiteren Vorschl\u00e4ge zum Bereich Umwelt- , Natur- und Klimaschutz soll auf\nder Klausurtagung im Februar weiter diskutiert werden.\n\n\n\n<\/p>\n","protected":false},"excerpt":{"rendered":"<p>Wir fordern die Reduzierung der Kreisumlage um 3% Emsland &#8211; Die von den St\u00e4dten und Gemeinden im Kreis Emsland zu zahlende Kreisumlage soll in 2020 um mindestens 12 Mio. Euro [&hellip;]<\/p>\n","protected":false},"author":-1,"featured_media":0,"comment_status":"open","ping_status":"open","sticky":false,"template":"","format":"standard","meta":{"footnotes":""},"categories":[4],"tags":[15,16],"class_list":["post-102","post","type-post","status-publish","format-standard","hentry","category-emsland","tag-finanzen","tag-kreistag"],"_links":{"self":[{"href":"https:\/\/gruene-emsland.de\/index.php?rest_route=\/wp\/v2\/posts\/102","targetHints":{"allow":["GET"]}}],"collection":[{"href":"https:\/\/gruene-emsland.de\/index.php?rest_route=\/wp\/v2\/posts"}],"about":[{"href":"https:\/\/gruene-emsland.de\/index.php?rest_route=\/wp\/v2\/types\/post"}],"author":[{"embeddable":true,"href":"https:\/\/gruene-emsland.de\/index.php?rest_route=\/wp\/v2\/users\/1"}],"replies":[{"embeddable":true,"href":"https:\/\/gruene-emsland.de\/index.php?rest_route=%2Fwp%2Fv2%2Fcomments&post=102"}],"version-history":[{"count":1,"href":"https:\/\/gruene-emsland.de\/index.php?rest_route=\/wp\/v2\/posts\/102\/revisions"}],"predecessor-version":[{"id":104,"href":"https:\/\/gruene-emsland.de\/index.php?rest_route=\/wp\/v2\/posts\/102\/revisions\/104"}],"wp:attachment":[{"href":"https:\/\/gruene-emsland.de\/index.php?rest_route=%2Fwp%2Fv2%2Fmedia&parent=102"}],"wp:term":[{"taxonomy":"category","embeddable":true,"href":"https:\/\/gruene-emsland.de\/index.php?rest_route=%2Fwp%2Fv2%2Fcategories&post=102"},{"taxonomy":"post_tag","embeddable":true,"href":"https:\/\/gruene-emsland.de\/index.php?rest_route=%2Fwp%2Fv2%2Ftags&post=102"}],"curies":[{"name":"wp","href":"https:\/\/api.w.org\/{rel}","templated":true}]}}